{"id":201568,"date":"2026-04-26T17:01:03","date_gmt":"2026-04-26T20:01:03","guid":{"rendered":"https:\/\/cdnoticias.com\/?p=201568"},"modified":"2026-04-26T19:58:45","modified_gmt":"2026-04-26T22:58:45","slug":"coopelectric-anuncio-un-corte-de-energia-programado-para-este-lunes","status":"publish","type":"post","link":"https:\/\/cdnoticias.com\/index.php\/2026\/04\/26\/coopelectric-anuncio-un-corte-de-energia-programado-para-este-lunes\/","title":{"rendered":"Coopelectric anunci\u00f3 un corte de energ\u00eda programado para este lunes"},"content":{"rendered":"\n<p>Desde Coopelectric informaron que este lunes se llevar\u00e1 adelante una interrupci\u00f3n programada del servicio el\u00e9ctrico en un sector de la ciudad, en el marco de tareas de mantenimiento.<\/p>\n\n\n\n<hr class=\"wp-block-separator aligncenter has-alpha-channel-opacity\"\/>\n\n\n\n<p>El corte se realizar\u00e1 en el <strong>horario de 8:00 a 12:00 horas y afectar\u00e1 la zona comprendida por avenida Avellaneda, Corrientes, calle 16 (P. Esquivel) y avenida La Rioja.<\/strong><\/p>\n\n\n\n<p>Seg\u00fan se indic\u00f3, estos trabajos forman parte de <strong>obras destinadas a mejorar la calidad del servicio en distintos barrios.<\/strong><\/p>\n\n\n\n<p>Asimismo, se aclar\u00f3 que <strong>la actividad podr\u00eda suspenderse en caso de que las condiciones clim\u00e1ticas sean adversas. <\/strong>De ocurrir, las tareas ser\u00e1n reprogramadas.<\/p>\n","protected":false},"excerpt":{"rendered":"<p>Desde Coopelectric informaron que este lunes se llevar\u00e1 adelante una interrupci\u00f3n programada del servicio el\u00e9ctrico en un sector de la<\/p>\n","protected":false},"author":2,"featured_media":134719,"comment_status":"closed","ping_status":"closed","sticky":false,"template":"","format":"standard","meta":{"_jetpack_memberships_contains_paid_content":false,"footnotes":""},"categories":[5,1],"tags":[],"class_list":["post-201568","post","type-post","status-publish","format-standard","has-post-thumbnail","hentry","category-informacion-general","category-portada"],"jetpack_featured_media_url":"https:\/\/i0.wp.com\/cdnoticias.com\/wp-content\/uploads\/2025\/01\/corte-programado-coopelectric3.jpg?fit=1072%2C597&ssl=1","jetpack_sharing_enabled":true,"_links":{"self":[{"href":"https:\/\/cdnoticias.com\/index.php\/wp-json\/wp\/v2\/posts\/201568","targetHints":{"allow":["GET"]}}],"collection":[{"href":"https:\/\/cdnoticias.com\/index.php\/wp-json\/wp\/v2\/posts"}],"about":[{"href":"https:\/\/cdnoticias.com\/index.php\/wp-json\/wp\/v2\/types\/post"}],"author":[{"embeddable":true,"href":"https:\/\/cdnoticias.com\/index.php\/wp-json\/wp\/v2\/users\/2"}],"replies":[{"embeddable":true,"href":"https:\/\/cdnoticias.com\/index.php\/wp-json\/wp\/v2\/comments?post=201568"}],"version-history":[{"count":1,"href":"https:\/\/cdnoticias.com\/index.php\/wp-json\/wp\/v2\/posts\/201568\/revisions"}],"predecessor-version":[{"id":201601,"href":"https:\/\/cdnoticias.com\/index.php\/wp-json\/wp\/v2\/posts\/201568\/revisions\/201601"}],"wp:featuredmedia":[{"embeddable":true,"href":"https:\/\/cdnoticias.com\/index.php\/wp-json\/wp\/v2\/media\/134719"}],"wp:attachment":[{"href":"https:\/\/cdnoticias.com\/index.php\/wp-json\/wp\/v2\/media?parent=201568"}],"wp:term":[{"taxonomy":"category","embeddable":true,"href":"https:\/\/cdnoticias.com\/index.php\/wp-json\/wp\/v2\/categories?post=201568"},{"taxonomy":"post_tag","embeddable":true,"href":"https:\/\/cdnoticias.com\/index.php\/wp-json\/wp\/v2\/tags?post=201568"}],"curies":[{"name":"wp","href":"https:\/\/api.w.org\/{rel}","templated":true}]}}