{"id":201563,"date":"2026-04-26T11:11:16","date_gmt":"2026-04-26T14:11:16","guid":{"rendered":"https:\/\/cdnoticias.com\/?p=201563"},"modified":"2026-04-26T11:11:18","modified_gmt":"2026-04-26T14:11:18","slug":"el-municipio-entrego-herramientas-y-equipamiento-a-delegaciones-para-fortalecer-el-trabajo-en-localidades","status":"publish","type":"post","link":"https:\/\/cdnoticias.com\/index.php\/2026\/04\/26\/el-municipio-entrego-herramientas-y-equipamiento-a-delegaciones-para-fortalecer-el-trabajo-en-localidades\/","title":{"rendered":"El Municipio entreg\u00f3 herramientas y equipamiento a delegaciones para fortalecer el trabajo en localidades"},"content":{"rendered":"\n<p>La inversi\u00f3n super\u00f3 los 6 millones de pesos y apunta a mejorar la capacidad de respuesta ante tareas cotidianas y emergencias clim\u00e1ticas.<\/p>\n\n\n\n<hr class=\"wp-block-separator aligncenter has-alpha-channel-opacity\"\/>\n\n\n\n<p>El intendente de Olavarr\u00eda, <strong>Maximiliano Wesner, encabez\u00f3 el \u00faltimo viernes la entrega de herramientas, indumentaria y elementos de seguridad destinados a distintas delegaciones municipales, en una iniciativa que busca fortalecer las condiciones de trabajo y la capacidad operativa en cada localidad.<\/strong><\/p>\n\n\n\n<p>La actividad se llev\u00f3 a cabo en el Centro de Exposiciones y cont\u00f3 con la presencia de la jefa de Gabinete, Mercedes Land\u00edvar, y el secretario de Desarrollo Econ\u00f3mico y Productivo, Pablo Di Uono.<\/p>\n\n\n\n<figure class=\"wp-block-image size-large\"><img data-recalc-dims=\"1\" loading=\"lazy\" decoding=\"async\" width=\"800\" height=\"450\" src=\"https:\/\/i0.wp.com\/cdnoticias.com\/wp-content\/uploads\/2026\/04\/Entrega-herramientas-delegaciones-1-scaled-1.jpeg?resize=800%2C450&#038;ssl=1\" alt=\"\" class=\"wp-image-201565\" srcset=\"https:\/\/i0.wp.com\/cdnoticias.com\/wp-content\/uploads\/2026\/04\/Entrega-herramientas-delegaciones-1-scaled-1.jpeg?resize=1024%2C576&amp;ssl=1 1024w, https:\/\/i0.wp.com\/cdnoticias.com\/wp-content\/uploads\/2026\/04\/Entrega-herramientas-delegaciones-1-scaled-1.jpeg?resize=300%2C169&amp;ssl=1 300w, https:\/\/i0.wp.com\/cdnoticias.com\/wp-content\/uploads\/2026\/04\/Entrega-herramientas-delegaciones-1-scaled-1.jpeg?resize=768%2C432&amp;ssl=1 768w, https:\/\/i0.wp.com\/cdnoticias.com\/wp-content\/uploads\/2026\/04\/Entrega-herramientas-delegaciones-1-scaled-1.jpeg?resize=1536%2C864&amp;ssl=1 1536w, https:\/\/i0.wp.com\/cdnoticias.com\/wp-content\/uploads\/2026\/04\/Entrega-herramientas-delegaciones-1-scaled-1.jpeg?resize=2048%2C1152&amp;ssl=1 2048w, https:\/\/i0.wp.com\/cdnoticias.com\/wp-content\/uploads\/2026\/04\/Entrega-herramientas-delegaciones-1-scaled-1.jpeg?w=1600&amp;ssl=1 1600w, https:\/\/i0.wp.com\/cdnoticias.com\/wp-content\/uploads\/2026\/04\/Entrega-herramientas-delegaciones-1-scaled-1.jpeg?w=2400&amp;ssl=1 2400w\" sizes=\"auto, (max-width: 800px) 100vw, 800px\" \/><\/figure>\n\n\n\n<p>Durante la jornada se entregaron<strong> motosierras, podadoras de altura, desmalezadoras y sopladores de hojas, adem\u00e1s de equipamiento de protecci\u00f3n como botas de goma, botines de seguridad, cascos, lentes, chalecos refractarios y guantes. Tambi\u00e9n se incluyeron tubos LED, picos y hachas reforzadas.<\/strong><\/p>\n\n\n\n<p>Estos elementos fueron gestionados en el marco del<strong> Proyecto de Gesti\u00f3n de Riesgos ante Emergencias Clim\u00e1ticas del Ministerio de Ambiente de la Provincia de Buenos Aires, con una inversi\u00f3n que super\u00f3 los 6 millones de pesos.<\/strong><\/p>\n\n\n\n<p>El equipamiento fue recibido por los delegados de <strong>Loma Negra, Sierras Bayas, Hinojo, Sierra Chica, Recalde y Santa Luisa<\/strong>, quienes contar\u00e1n con nuevas herramientas para afrontar tanto tareas de mantenimiento como situaciones derivadas de contingencias clim\u00e1ticas.<\/p>\n\n\n\n<figure class=\"wp-block-image size-large\"><img data-recalc-dims=\"1\" loading=\"lazy\" decoding=\"async\" width=\"800\" height=\"450\" src=\"https:\/\/i0.wp.com\/cdnoticias.com\/wp-content\/uploads\/2026\/04\/Entrega-herramientas-delegaciones-2-scaled-1.jpeg?resize=800%2C450&#038;ssl=1\" alt=\"\" class=\"wp-image-201566\" srcset=\"https:\/\/i0.wp.com\/cdnoticias.com\/wp-content\/uploads\/2026\/04\/Entrega-herramientas-delegaciones-2-scaled-1.jpeg?resize=1024%2C576&amp;ssl=1 1024w, https:\/\/i0.wp.com\/cdnoticias.com\/wp-content\/uploads\/2026\/04\/Entrega-herramientas-delegaciones-2-scaled-1.jpeg?resize=300%2C169&amp;ssl=1 300w, https:\/\/i0.wp.com\/cdnoticias.com\/wp-content\/uploads\/2026\/04\/Entrega-herramientas-delegaciones-2-scaled-1.jpeg?resize=768%2C432&amp;ssl=1 768w, https:\/\/i0.wp.com\/cdnoticias.com\/wp-content\/uploads\/2026\/04\/Entrega-herramientas-delegaciones-2-scaled-1.jpeg?resize=1536%2C864&amp;ssl=1 1536w, https:\/\/i0.wp.com\/cdnoticias.com\/wp-content\/uploads\/2026\/04\/Entrega-herramientas-delegaciones-2-scaled-1.jpeg?resize=2048%2C1152&amp;ssl=1 2048w, https:\/\/i0.wp.com\/cdnoticias.com\/wp-content\/uploads\/2026\/04\/Entrega-herramientas-delegaciones-2-scaled-1.jpeg?w=1600&amp;ssl=1 1600w, https:\/\/i0.wp.com\/cdnoticias.com\/wp-content\/uploads\/2026\/04\/Entrega-herramientas-delegaciones-2-scaled-1.jpeg?w=2400&amp;ssl=1 2400w\" sizes=\"auto, (max-width: 800px) 100vw, 800px\" \/><\/figure>\n\n\n\n<p>Desde el Municipio destacaron que la iniciativa es resultado de un trabajo articulado entre la Jefatura de Gabinete \u2014a trav\u00e9s del \u00e1rea de Desarrollo de las Localidades\u2014 y la Subsecretar\u00eda de Empresas e Inversiones, dependiente de la Secretar\u00eda de Desarrollo Econ\u00f3mico y Productivo.<\/p>\n\n\n\n<p>Adem\u00e1s, la jornada cont\u00f3 con la participaci\u00f3n de los concejales Gast\u00f3n Sarachu y Bel\u00e9n Abraham.<\/p>\n","protected":false},"excerpt":{"rendered":"<p>La inversi\u00f3n super\u00f3 los 6 millones de pesos y apunta a mejorar la capacidad de respuesta ante tareas cotidianas y<\/p>\n","protected":false},"author":2,"featured_media":201564,"comment_status":"closed","ping_status":"closed","sticky":false,"template":"","format":"standard","meta":{"_jetpack_memberships_contains_paid_content":false,"footnotes":""},"categories":[5,7],"tags":[],"class_list":["post-201563","post","type-post","status-publish","format-standard","has-post-thumbnail","hentry","category-informacion-general","category-central"],"jetpack_featured_media_url":"https:\/\/i0.wp.com\/cdnoticias.com\/wp-content\/uploads\/2026\/04\/Entrega-herramientas-delegaciones-3-scaled-1.jpeg?fit=2560%2C1440&ssl=1","jetpack_sharing_enabled":true,"_links":{"self":[{"href":"https:\/\/cdnoticias.com\/index.php\/wp-json\/wp\/v2\/posts\/201563","targetHints":{"allow":["GET"]}}],"collection":[{"href":"https:\/\/cdnoticias.com\/index.php\/wp-json\/wp\/v2\/posts"}],"about":[{"href":"https:\/\/cdnoticias.com\/index.php\/wp-json\/wp\/v2\/types\/post"}],"author":[{"embeddable":true,"href":"https:\/\/cdnoticias.com\/index.php\/wp-json\/wp\/v2\/users\/2"}],"replies":[{"embeddable":true,"href":"https:\/\/cdnoticias.com\/index.php\/wp-json\/wp\/v2\/comments?post=201563"}],"version-history":[{"count":1,"href":"https:\/\/cdnoticias.com\/index.php\/wp-json\/wp\/v2\/posts\/201563\/revisions"}],"predecessor-version":[{"id":201567,"href":"https:\/\/cdnoticias.com\/index.php\/wp-json\/wp\/v2\/posts\/201563\/revisions\/201567"}],"wp:featuredmedia":[{"embeddable":true,"href":"https:\/\/cdnoticias.com\/index.php\/wp-json\/wp\/v2\/media\/201564"}],"wp:attachment":[{"href":"https:\/\/cdnoticias.com\/index.php\/wp-json\/wp\/v2\/media?parent=201563"}],"wp:term":[{"taxonomy":"category","embeddable":true,"href":"https:\/\/cdnoticias.com\/index.php\/wp-json\/wp\/v2\/categories?post=201563"},{"taxonomy":"post_tag","embeddable":true,"href":"https:\/\/cdnoticias.com\/index.php\/wp-json\/wp\/v2\/tags?post=201563"}],"curies":[{"name":"wp","href":"https:\/\/api.w.org\/{rel}","templated":true}]}}