{"id":201560,"date":"2026-04-26T10:44:50","date_gmt":"2026-04-26T13:44:50","guid":{"rendered":"https:\/\/cdnoticias.com\/?p=201560"},"modified":"2026-04-26T10:44:52","modified_gmt":"2026-04-26T13:44:52","slug":"varias-actividades-municipales-suspendidas-por-el-alerta-naranja-por-vientos","status":"publish","type":"post","link":"https:\/\/cdnoticias.com\/index.php\/2026\/04\/26\/varias-actividades-municipales-suspendidas-por-el-alerta-naranja-por-vientos\/","title":{"rendered":"Varias actividades municipales suspendidas por el alerta naranja por vientos"},"content":{"rendered":"\n<p>Se trata de actividades que se iban a desarrollar en espacios municipales durante este domingo.<\/p>\n\n\n\n<hr class=\"wp-block-separator aligncenter has-alpha-channel-opacity\"\/>\n\n\n\n<p>Informado por el Municipio en el inicio de este domingo, <strong>varias actividades fueron suspendidas por el alerta naranja por fuertes vientos que rige para nuestra ciudad y toda la regi\u00f3n.<\/strong><\/p>\n\n\n\n<p>Entre dichas actividades, <strong>se suspendi\u00f3 la Caminata Azul que se iba a desarrollar en el Parque Eseverri<\/strong> con la concentraci\u00f3n, una clase abierta de gimnasia y la caminata propiamente dicha en el marco del D\u00eda Mundial de Concientizaci\u00f3n sobre el Autismo y con todo un mes de actividades.<\/p>\n\n\n\n<p>Tambi\u00e9n se suspendi\u00f3 <strong>\u201cEl reino oculto: el fascinante mundo de los hongos\u201d que se desarrollar\u00eda en el Bioparque \u201cLa M\u00e1xima\u201d as\u00ed como tambi\u00e9n \u201cJuguemos en la plaza\u201d que en esta ocasi\u00f3n tendr\u00eda sede en el Centro Deportivo y Recreativo \u201cDiego Armando Maradona\u201d.<\/strong><\/p>\n\n\n\n<p>A su vez, se decidi\u00f3 la suspensi\u00f3n de la <strong>Jornada de adopci\u00f3n en el Parque Mitre, m\u00e1s precisamente frente al Centro Cultural San Jos\u00e9.<\/strong><\/p>\n\n\n\n<p>Las respectivas reprogramaciones, se indic\u00f3, ser\u00e1n informadas oportunamente por la comuna en las pr\u00f3ximas horas.<\/p>\n","protected":false},"excerpt":{"rendered":"<p>Se trata de actividades que se iban a desarrollar en espacios municipales durante este domingo. Informado por el Municipio en<\/p>\n","protected":false},"author":2,"featured_media":168782,"comment_status":"closed","ping_status":"closed","sticky":false,"template":"","format":"standard","meta":{"_jetpack_memberships_contains_paid_content":false,"footnotes":""},"categories":[5,7],"tags":[],"class_list":["post-201560","post","type-post","status-publish","format-standard","has-post-thumbnail","hentry","category-informacion-general","category-central"],"jetpack_featured_media_url":"https:\/\/i0.wp.com\/cdnoticias.com\/wp-content\/uploads\/2025\/04\/mural-maradona-matadero.png?fit=801%2C516&ssl=1","jetpack_sharing_enabled":true,"_links":{"self":[{"href":"https:\/\/cdnoticias.com\/index.php\/wp-json\/wp\/v2\/posts\/201560","targetHints":{"allow":["GET"]}}],"collection":[{"href":"https:\/\/cdnoticias.com\/index.php\/wp-json\/wp\/v2\/posts"}],"about":[{"href":"https:\/\/cdnoticias.com\/index.php\/wp-json\/wp\/v2\/types\/post"}],"author":[{"embeddable":true,"href":"https:\/\/cdnoticias.com\/index.php\/wp-json\/wp\/v2\/users\/2"}],"replies":[{"embeddable":true,"href":"https:\/\/cdnoticias.com\/index.php\/wp-json\/wp\/v2\/comments?post=201560"}],"version-history":[{"count":1,"href":"https:\/\/cdnoticias.com\/index.php\/wp-json\/wp\/v2\/posts\/201560\/revisions"}],"predecessor-version":[{"id":201561,"href":"https:\/\/cdnoticias.com\/index.php\/wp-json\/wp\/v2\/posts\/201560\/revisions\/201561"}],"wp:featuredmedia":[{"embeddable":true,"href":"https:\/\/cdnoticias.com\/index.php\/wp-json\/wp\/v2\/media\/168782"}],"wp:attachment":[{"href":"https:\/\/cdnoticias.com\/index.php\/wp-json\/wp\/v2\/media?parent=201560"}],"wp:term":[{"taxonomy":"category","embeddable":true,"href":"https:\/\/cdnoticias.com\/index.php\/wp-json\/wp\/v2\/categories?post=201560"},{"taxonomy":"post_tag","embeddable":true,"href":"https:\/\/cdnoticias.com\/index.php\/wp-json\/wp\/v2\/tags?post=201560"}],"curies":[{"name":"wp","href":"https:\/\/api.w.org\/{rel}","templated":true}]}}