{"id":20153,"date":"2021-04-29T08:56:17","date_gmt":"2021-04-29T11:56:17","guid":{"rendered":"http:\/\/www.centraldenoticias.com.ar\/?p=20153"},"modified":"2021-04-29T09:49:35","modified_gmt":"2021-04-29T12:49:35","slug":"elecciones-2021-proyectan-dar-turnos-y-mas-centros-de-votacion","status":"publish","type":"post","link":"https:\/\/cdnoticias.com\/index.php\/2021\/04\/29\/elecciones-2021-proyectan-dar-turnos-y-mas-centros-de-votacion\/","title":{"rendered":"Elecciones 2021: proyectan dar turnos y m\u00e1s centros de votaci\u00f3n"},"content":{"rendered":"<p>Las disposiciones incluir\u00edan tambi\u00e9n la aplicaci\u00f3n de protocolos y la inmunizaci\u00f3n del personal que lleva adelante el comicio. A\u00fan no est\u00e1n confirmadas las fechas.<!--more--><\/p>\n<hr \/>\n<p><strong>Para las elecciones de este a\u00f1o se dispondr\u00e1n turnos y m\u00e1s centros de votaci\u00f3n<\/strong>, seg\u00fan el esquema que proyectan autoridades del Ejecutivo Nacional y de la Justicia Electoral.<\/p>\n<p>&nbsp;<\/p>\n<p>Aunque a\u00fan no est\u00e1 oficializada la fecha, <strong>el formato de las primeras elecciones en pandemia comenz\u00f3 a ser esbozado este mi\u00e9rcoles en una reuni\u00f3n del ministro del Interior, Eduardo \u201cWado\u201d De Pedro con dos de los tres jueces de la C\u00e1mara Nacional Electoral<\/strong>: en principio aumentar\u00e1n un <strong>30%<\/strong> los centros de votaci\u00f3n y se establecer\u00e1n <strong>turnos para sufragar<\/strong>.<\/p>\n<p>&nbsp;<\/p>\n<p>El presidente de la C\u00e1mara, Santiago Corcuera, recibi\u00f3 a De Pedro junto al juez Alberto Dalla V\u00eda para repasar un escenario sin certezas. Si no se defini\u00f3 a\u00fan la fecha de votaci\u00f3n \u2013hay un <a href=\"https:\/\/cdnoticias.com\/index.php\/2021\/03\/31\/el-gobierno-busca-postergar-las-elecciones-un-mes\/\" target=\"_blank\" rel=\"noopener\">pre acuerdo con la oposici\u00f3n<\/a> para que sea en septiembre y noviembre que a\u00fan no fue ratificado- tampoco est\u00e1 claro cu\u00e1l ser\u00e1 la situaci\u00f3n sanitaria en esos meses.<\/p>\n<p>&nbsp;<\/p>\n<p>De todos modos, los jueces le pidieron al ministro avanzar con un reclamo que ya hab\u00eda trascendido y que hab\u00eda tambi\u00e9n formulado la juez federal electoral de primera instancia Mar\u00eda Romilda Servini de Cubr\u00eda: <strong>vacunar al personal que trabaja en el proceso eleccionario<\/strong>. En el caso de la C\u00e1mara son unas 500 personas. <em>De Pedro se comprometi\u00f3 a analizar la cuesti\u00f3n con su par de Salud, Carla Vizzotti<\/em>.<\/p>\n<p>&nbsp;<\/p>\n<blockquote><p>En tanto, la medida de ampliar el n\u00famero de lugares de votaci\u00f3n, que obligar\u00eda a reorganizar los padrones, tiene por objetivo posibilidad que el operativo se desarrolle guardando las distancias de seguridad epidemiol\u00f3gica. Tambi\u00e9n la divisi\u00f3n en turnos de los votantes impedir\u00eda que se formen filas y aglomeraciones que puedan favorecer contagios.<\/p><\/blockquote>\n<p>&nbsp;<\/p>\n<p>En enero, el tribunal le hab\u00eda pedido al Ministerio de Salud, entonces conducido por Gin\u00e9s Gonz\u00e1lez Garc\u00eda, que el personal que interviniera en las elecciones legislativas fuera incluido en la campa\u00f1a de vacunaci\u00f3n. Los planteos no tuvieron respuesta.<\/p>\n<p>&nbsp;<\/p>\n<p>En otro oficio enviado por Corcuera a De Pedro se insisti\u00f3 en que <strong>aproximadamente 200.000 personas que deber\u00e1n desempe\u00f1arse como autoridades de mesa<\/strong> fueran incluidas dentro del cronograma de vacunaci\u00f3n como personal estrat\u00e9gico esencial.<\/p>\n<p>&nbsp;<\/p>\n<p>Las fechas de las elecciones podr\u00edan ser fijadas para el 12 de septiembre (PASO) y 14 de noviembre (Generales) seg\u00fan el anteproyecto de ley que De Pedro acord\u00f3 con la conducci\u00f3n parlamentaria de Juntos por el Cambio. Pero ese texto aun no tuvo tratamiento por el Congreso y la presidenta de PRO, Patricia Bullrich, ech\u00f3 un manto de dudas al afirmar que su espacio solo lo acompa\u00f1ar\u00e1 si se implementa tambi\u00e9n la boleta \u00fanica papel, algo que el oficialismo rechaza.<\/p>\n<p>&nbsp;<\/p>\n<p>De la reuni\u00f3n tambi\u00e9n participaron la secretaria de Asuntos Pol\u00edticos, Patricia Garc\u00eda Blanco, el secretario de Actuaci\u00f3n Judicial, Hern\u00e1n Gonz\u00e1lez, el secretario de Actuaci\u00f3n Judicial, Sebasti\u00e1n Schinnel, la secretaria de C\u00e1mara, Alejandra L\u00e1zzaro y la prosecretaria de C\u00e1mara Elena G\u00f3mez.<\/p>\n<p>&nbsp;<\/p>\n<p>Fuente:<em> Agencia DIB<\/em><\/p>\n","protected":false},"excerpt":{"rendered":"<p>Las disposiciones incluir\u00edan tambi\u00e9n la aplicaci\u00f3n de protocolos y la inmunizaci\u00f3n del personal que lleva adelante el comicio. A\u00fan no<\/p>\n","protected":false},"author":4,"featured_media":20156,"comment_status":"closed","ping_status":"closed","sticky":false,"template":"","format":"standard","meta":{"_jetpack_memberships_contains_paid_content":false,"footnotes":""},"categories":[6,1],"tags":[],"class_list":["post-20153","post","type-post","status-publish","format-standard","has-post-thumbnail","hentry","category-nacionales","category-portada"],"jetpack_featured_media_url":"https:\/\/i0.wp.com\/cdnoticias.com\/wp-content\/uploads\/2021\/04\/DIB-elecciones-WADO-CAMARA.jpeg?fit=879%2C586&ssl=1","jetpack_sharing_enabled":true,"_links":{"self":[{"href":"https:\/\/cdnoticias.com\/index.php\/wp-json\/wp\/v2\/posts\/20153","targetHints":{"allow":["GET"]}}],"collection":[{"href":"https:\/\/cdnoticias.com\/index.php\/wp-json\/wp\/v2\/posts"}],"about":[{"href":"https:\/\/cdnoticias.com\/index.php\/wp-json\/wp\/v2\/types\/post"}],"author":[{"embeddable":true,"href":"https:\/\/cdnoticias.com\/index.php\/wp-json\/wp\/v2\/users\/4"}],"replies":[{"embeddable":true,"href":"https:\/\/cdnoticias.com\/index.php\/wp-json\/wp\/v2\/comments?post=20153"}],"version-history":[{"count":0,"href":"https:\/\/cdnoticias.com\/index.php\/wp-json\/wp\/v2\/posts\/20153\/revisions"}],"wp:featuredmedia":[{"embeddable":true,"href":"https:\/\/cdnoticias.com\/index.php\/wp-json\/wp\/v2\/media\/20156"}],"wp:attachment":[{"href":"https:\/\/cdnoticias.com\/index.php\/wp-json\/wp\/v2\/media?parent=20153"}],"wp:term":[{"taxonomy":"category","embeddable":true,"href":"https:\/\/cdnoticias.com\/index.php\/wp-json\/wp\/v2\/categories?post=20153"},{"taxonomy":"post_tag","embeddable":true,"href":"https:\/\/cdnoticias.com\/index.php\/wp-json\/wp\/v2\/tags?post=20153"}],"curies":[{"name":"wp","href":"https:\/\/api.w.org\/{rel}","templated":true}]}}