{"id":201514,"date":"2026-04-27T16:00:07","date_gmt":"2026-04-27T19:00:07","guid":{"rendered":"https:\/\/cdnoticias.com\/?p=201514"},"modified":"2026-04-27T16:00:08","modified_gmt":"2026-04-27T19:00:08","slug":"cortes-de-transito-por-la-vuelta-al-municipio-detalles-del-operativo-para-el-1o-de-mayo","status":"publish","type":"post","link":"https:\/\/cdnoticias.com\/index.php\/2026\/04\/27\/cortes-de-transito-por-la-vuelta-al-municipio-detalles-del-operativo-para-el-1o-de-mayo\/","title":{"rendered":"Cortes de tr\u00e1nsito por la Vuelta al Municipio: detalles del operativo para el 1\u00ba de mayo"},"content":{"rendered":"\n<p>La tradicional competencia sumar\u00e1 este a\u00f1o un circuito de Mountain Bike. Habr\u00e1 restricciones vehiculares desde la noche previa en distintos puntos clave de la ciudad.<\/p>\n\n\n\n<hr class=\"wp-block-separator has-alpha-channel-opacity\"\/>\n\n\n\n<p>El pr\u00f3ximo 1\u00ba de mayo se realizar\u00e1 en Olavarr\u00eda una <strong>nueva edici\u00f3n de la Vuelta al Municipio<\/strong>, uno de los eventos deportivos y sociales m\u00e1s convocantes del calendario local, que este a\u00f1o <strong>incorporar\u00e1 como novedad un circuito de Mountain Bike.<\/strong><\/p>\n\n\n\n<p><\/p>\n\n\n\n<p>La actividad tendr\u00e1 como epicentro el <strong>Parque Helios Eseverri <\/strong>y contar\u00e1 con <strong>pruebas pedestres de 3, 5 y 10 kil\u00f3metros, adem\u00e1s del nuevo trazado para ciclistas.<\/strong> La <a href=\"https:\/\/gobiernoabierto.olavarria.gov.ar\/tramites-y-servicios\/vueltamunicipio\/\" data-type=\"link\" data-id=\"https:\/\/gobiernoabierto.olavarria.gov.ar\/tramites-y-servicios\/vueltamunicipio\/\">inscripci\u00f3n contin\u00faa abierta a trav\u00e9s del sitio web oficial del Municipio.<\/a><\/p>\n\n\n\n<p><\/p>\n\n\n\n<p>En el marco de la organizaci\u00f3n, la Secretar\u00eda de Protecci\u00f3n Ciudadana dispuso un <strong>operativo de seguridad vial que incluir\u00e1 cortes de tr\u00e1nsito programados para garantizar tanto el acceso al predio como el normal desarrollo de las competencias.<\/strong><\/p>\n\n\n\n<p><\/p>\n\n\n\n<p>Seg\u00fan se inform\u00f3, <strong>los primeros cortes comenzar\u00e1n el 30 de abril a las 22 horas y se extender\u00e1n hasta aproximadamente las 15 del 1\u00ba de mayo. <\/strong>Afectar\u00e1n las intersecciones de <strong>avenida De los Trabajadores y Alsina, y Lavalle y Grimaldi.<\/strong> En esos sectores se montar\u00e1 el arco de largada y llegada, adem\u00e1s del espacio destinado a la entrega de kits y premiaciones.<\/p>\n\n\n\n<p><\/p>\n\n\n\n<p>Por otra parte, <strong>el 1\u00ba de mayo desde las 9:30 hasta las 13:30 <\/strong>se implementar\u00e1n cortes adicionales en distintos puntos del recorrido.<strong> Las intersecciones afectadas ser\u00e1n:<\/strong><\/p>\n\n\n\n<p>Alsina y Fassina<br>Lavalle y Merlo<br>Lavalle y Estrada<br>Lavalle y Sarmiento<br>Lavalle y L\u00edbano<br>Lavalle e Yrigoyen<br>Lavalle y Col\u00f3n<br>Lavalle y A. Barros<br>Lavalle y Necochea<br>Lavalle y Belgrano<br>Lavalle y General Paz<br>Coronel Su\u00e1rez y Wagner<br>Cerrito y San Mart\u00edn<br>Cerrito y Dorrego<br>Cerrito y Sargento Cabral<br>Cerrito y A. Barros<br>Maip\u00fa y Col\u00f3n<br>Maip\u00fa y Roque S\u00e1enz Pe\u00f1a<br>Maip\u00fa y Jos\u00e9 Luis Torres<br>Maip\u00fa y Mitre<br>Maip\u00fa y avenida Sarmiento<br>Cerrito y Rufino Fal<br>Cerrito y Grimaldi<br>Maip\u00fa y avenida De los Trabajadores<br>Cerrito y avenida De los Trabajadores<\/p>\n\n\n\n<p>Desde el Municipio se solicit\u00f3 a la comunidad <strong>circular con precauci\u00f3n y respetar las indicaciones del personal <\/strong>afectado al operativo.<\/p>\n\n\n\n<p><\/p>\n","protected":false},"excerpt":{"rendered":"<p>La tradicional competencia sumar\u00e1 este a\u00f1o un circuito de Mountain Bike. Habr\u00e1 restricciones vehiculares desde la noche previa en distintos<\/p>\n","protected":false},"author":5,"featured_media":200276,"comment_status":"closed","ping_status":"closed","sticky":false,"template":"","format":"standard","meta":{"_jetpack_memberships_contains_paid_content":false,"footnotes":""},"categories":[5,1],"tags":[],"class_list":["post-201514","post","type-post","status-publish","format-standard","has-post-thumbnail","hentry","category-informacion-general","category-portada"],"jetpack_featured_media_url":"https:\/\/i0.wp.com\/cdnoticias.com\/wp-content\/uploads\/2026\/04\/vueltaalmunicipio1.jpg?fit=900%2C600&ssl=1","jetpack_sharing_enabled":true,"_links":{"self":[{"href":"https:\/\/cdnoticias.com\/index.php\/wp-json\/wp\/v2\/posts\/201514","targetHints":{"allow":["GET"]}}],"collection":[{"href":"https:\/\/cdnoticias.com\/index.php\/wp-json\/wp\/v2\/posts"}],"about":[{"href":"https:\/\/cdnoticias.com\/index.php\/wp-json\/wp\/v2\/types\/post"}],"author":[{"embeddable":true,"href":"https:\/\/cdnoticias.com\/index.php\/wp-json\/wp\/v2\/users\/5"}],"replies":[{"embeddable":true,"href":"https:\/\/cdnoticias.com\/index.php\/wp-json\/wp\/v2\/comments?post=201514"}],"version-history":[{"count":0,"href":"https:\/\/cdnoticias.com\/index.php\/wp-json\/wp\/v2\/posts\/201514\/revisions"}],"wp:featuredmedia":[{"embeddable":true,"href":"https:\/\/cdnoticias.com\/index.php\/wp-json\/wp\/v2\/media\/200276"}],"wp:attachment":[{"href":"https:\/\/cdnoticias.com\/index.php\/wp-json\/wp\/v2\/media?parent=201514"}],"wp:term":[{"taxonomy":"category","embeddable":true,"href":"https:\/\/cdnoticias.com\/index.php\/wp-json\/wp\/v2\/categories?post=201514"},{"taxonomy":"post_tag","embeddable":true,"href":"https:\/\/cdnoticias.com\/index.php\/wp-json\/wp\/v2\/tags?post=201514"}],"curies":[{"name":"wp","href":"https:\/\/api.w.org\/{rel}","templated":true}]}}