{"id":20126,"date":"2021-04-28T17:41:14","date_gmt":"2021-04-28T20:41:14","guid":{"rendered":"http:\/\/www.centraldenoticias.com.ar\/?p=20126"},"modified":"2021-04-29T08:56:45","modified_gmt":"2021-04-29T11:56:45","slug":"murieron-otros-5-pacientes-positivos-con-covid19-en-olavarria","status":"publish","type":"post","link":"https:\/\/cdnoticias.com\/index.php\/2021\/04\/28\/murieron-otros-5-pacientes-positivos-con-covid19-en-olavarria\/","title":{"rendered":"Murieron otros 5 pacientes positivos de Covid19 en Olavarr\u00eda"},"content":{"rendered":"<p>El distrito cuenta ya con 212 fallecimientos. Adem\u00e1s se registr\u00f3 m\u00e1s de 80 nuevos contagios y subi\u00f3 la cifra de pacientes activos.<!--more--><\/p>\n<hr \/>\n<p>Abril sigue registrando datos cada vez m\u00e1s preocupantes y negativos en materia sanitaria. Tal es as\u00ed que en la jornada de este mi\u00e9rcoles se confirmaron otras 5 muertes de pacientes con Coronavirus. <strong>Olavarr\u00eda ya cuenta con 212 decesos por la pandemia.<\/strong><\/p>\n<p>&nbsp;<\/p>\n<p><img data-recalc-dims=\"1\" loading=\"lazy\" decoding=\"async\" class=\"alignnone size-large wp-image-20129\" src=\"https:\/\/i0.wp.com\/cdnoticias.com\/wp-content\/uploads\/2021\/04\/WhatsApp-Image-2021-04-28-at-17.34.54-1.jpeg?resize=800%2C800&#038;ssl=1\" alt=\"\" width=\"800\" height=\"800\" srcset=\"https:\/\/i0.wp.com\/cdnoticias.com\/wp-content\/uploads\/2021\/04\/WhatsApp-Image-2021-04-28-at-17.34.54-1.jpeg?resize=1024%2C1024&amp;ssl=1 1024w, https:\/\/i0.wp.com\/cdnoticias.com\/wp-content\/uploads\/2021\/04\/WhatsApp-Image-2021-04-28-at-17.34.54-1.jpeg?resize=150%2C150&amp;ssl=1 150w, https:\/\/i0.wp.com\/cdnoticias.com\/wp-content\/uploads\/2021\/04\/WhatsApp-Image-2021-04-28-at-17.34.54-1.jpeg?resize=300%2C300&amp;ssl=1 300w, https:\/\/i0.wp.com\/cdnoticias.com\/wp-content\/uploads\/2021\/04\/WhatsApp-Image-2021-04-28-at-17.34.54-1.jpeg?resize=768%2C768&amp;ssl=1 768w, https:\/\/i0.wp.com\/cdnoticias.com\/wp-content\/uploads\/2021\/04\/WhatsApp-Image-2021-04-28-at-17.34.54-1.jpeg?w=1280&amp;ssl=1 1280w\" sizes=\"auto, (max-width: 800px) 100vw, 800px\" \/><\/p>\n<p>&nbsp;<\/p>\n<p>De acuerdo con lo que se precis\u00f3 desde la secretar\u00eda de Salud Municipal, <strong>se trat\u00f3 de dos pacientes mujeres, de 46 y 82 a\u00f1os que estaban internadas en Cl\u00ednica Covid, y tres varones de 51, 73 y 75 a\u00f1os respectivamente, que estaban internados en la Unidad de Terapia Intensiva del Hospital Municipal.<\/strong><\/p>\n<p>&nbsp;<\/p>\n<p><img data-recalc-dims=\"1\" loading=\"lazy\" decoding=\"async\" class=\"alignnone size-large wp-image-20132\" src=\"https:\/\/i0.wp.com\/cdnoticias.com\/wp-content\/uploads\/2021\/04\/WhatsApp-Image-2021-04-28-at-17.34.55.jpeg?resize=800%2C800&#038;ssl=1\" alt=\"\" width=\"800\" height=\"800\" srcset=\"https:\/\/i0.wp.com\/cdnoticias.com\/wp-content\/uploads\/2021\/04\/WhatsApp-Image-2021-04-28-at-17.34.55.jpeg?resize=1024%2C1024&amp;ssl=1 1024w, https:\/\/i0.wp.com\/cdnoticias.com\/wp-content\/uploads\/2021\/04\/WhatsApp-Image-2021-04-28-at-17.34.55.jpeg?resize=150%2C150&amp;ssl=1 150w, https:\/\/i0.wp.com\/cdnoticias.com\/wp-content\/uploads\/2021\/04\/WhatsApp-Image-2021-04-28-at-17.34.55.jpeg?resize=300%2C300&amp;ssl=1 300w, https:\/\/i0.wp.com\/cdnoticias.com\/wp-content\/uploads\/2021\/04\/WhatsApp-Image-2021-04-28-at-17.34.55.jpeg?resize=768%2C768&amp;ssl=1 768w, https:\/\/i0.wp.com\/cdnoticias.com\/wp-content\/uploads\/2021\/04\/WhatsApp-Image-2021-04-28-at-17.34.55.jpeg?w=1280&amp;ssl=1 1280w\" sizes=\"auto, (max-width: 800px) 100vw, 800px\" \/><\/p>\n<p>&nbsp;<\/p>\n<p>A la par, <strong>fueron detectados 83 nuevos positivos, lo que elev\u00f3 a 773 la cifra de pacientes activos, de los cuales el 86% tiene menos de 60 a\u00f1os.<\/strong><\/p>\n","protected":false},"excerpt":{"rendered":"<p>El distrito cuenta ya con 212 fallecimientos. Adem\u00e1s se registr\u00f3 m\u00e1s de 80 nuevos contagios y subi\u00f3 la cifra de<\/p>\n","protected":false},"author":3,"featured_media":1091,"comment_status":"closed","ping_status":"closed","sticky":false,"template":"","format":"standard","meta":{"_jetpack_memberships_contains_paid_content":false,"footnotes":""},"categories":[5,1],"tags":[],"class_list":["post-20126","post","type-post","status-publish","format-standard","has-post-thumbnail","hentry","category-informacion-general","category-portada"],"jetpack_featured_media_url":"https:\/\/i0.wp.com\/cdnoticias.com\/wp-content\/uploads\/2020\/09\/HospitalMunicipal03.jpg?fit=4608%2C3072&ssl=1","jetpack_sharing_enabled":true,"_links":{"self":[{"href":"https:\/\/cdnoticias.com\/index.php\/wp-json\/wp\/v2\/posts\/20126","targetHints":{"allow":["GET"]}}],"collection":[{"href":"https:\/\/cdnoticias.com\/index.php\/wp-json\/wp\/v2\/posts"}],"about":[{"href":"https:\/\/cdnoticias.com\/index.php\/wp-json\/wp\/v2\/types\/post"}],"author":[{"embeddable":true,"href":"https:\/\/cdnoticias.com\/index.php\/wp-json\/wp\/v2\/users\/3"}],"replies":[{"embeddable":true,"href":"https:\/\/cdnoticias.com\/index.php\/wp-json\/wp\/v2\/comments?post=20126"}],"version-history":[{"count":0,"href":"https:\/\/cdnoticias.com\/index.php\/wp-json\/wp\/v2\/posts\/20126\/revisions"}],"wp:featuredmedia":[{"embeddable":true,"href":"https:\/\/cdnoticias.com\/index.php\/wp-json\/wp\/v2\/media\/1091"}],"wp:attachment":[{"href":"https:\/\/cdnoticias.com\/index.php\/wp-json\/wp\/v2\/media?parent=20126"}],"wp:term":[{"taxonomy":"category","embeddable":true,"href":"https:\/\/cdnoticias.com\/index.php\/wp-json\/wp\/v2\/categories?post=20126"},{"taxonomy":"post_tag","embeddable":true,"href":"https:\/\/cdnoticias.com\/index.php\/wp-json\/wp\/v2\/tags?post=20126"}],"curies":[{"name":"wp","href":"https:\/\/api.w.org\/{rel}","templated":true}]}}