{"id":201178,"date":"2026-04-27T15:32:29","date_gmt":"2026-04-27T18:32:29","guid":{"rendered":"https:\/\/cdnoticias.com\/?p=201178"},"modified":"2026-04-27T15:32:31","modified_gmt":"2026-04-27T18:32:31","slug":"curso-introductorio-de-lengua-de-senas-argentina-en-la-alianza-francesa","status":"publish","type":"post","link":"https:\/\/cdnoticias.com\/index.php\/2026\/04\/27\/curso-introductorio-de-lengua-de-senas-argentina-en-la-alianza-francesa\/","title":{"rendered":"Curso introductorio de Lengua de Se\u00f1as Argentina en la Alianza Francesa"},"content":{"rendered":"\n<p>La propuesta estar\u00e1 a cargo de un profesor especializado junto a referentes sordos. Las clases ser\u00e1n semanales y tendr\u00e1n una duraci\u00f3n total de 12 encuentros.<\/p>\n\n\n\n<hr class=\"wp-block-separator aligncenter has-alpha-channel-opacity\"\/>\n\n\n\n<p>La<strong> Alianza Francesa Olavarr\u00eda<\/strong> ser\u00e1 sede de un <strong>curso introductorio de Lengua de Se\u00f1as Argentina (LSA)<\/strong>, destinado a<strong> personas interesadas en dar sus primeros pasos en esta forma de comunicaci\u00f3n, independientemente de que cuenten o no con conocimientos previos.<\/strong><\/p>\n\n\n\n<p><\/p>\n\n\n\n<blockquote class=\"wp-block-quote is-layout-flow wp-block-quote-is-layout-flow\">\n<p>El curso estar\u00e1 a cargo del profesor Nicol\u00e1s Ricardo Zuliani Held, docente especializado en educaci\u00f3n de personas sordas, y contar\u00e1 adem\u00e1s con la participaci\u00f3n de los referentes sordos Noelia Maldonado y Manuel Porcel.<\/p>\n<\/blockquote>\n\n\n\n<p><\/p>\n\n\n\n<p>La propuesta contempla un<strong> total de 12 clases<\/strong>, con una <strong>modalidad de cursada de un encuentro semanal de una hora y media de duraci\u00f3n<\/strong>. Las clases se dictar\u00e1n los <strong>d\u00edas martes, a partir del 12 de mayo, en la sede ubicada en Dorrego 3161.<\/strong><\/p>\n\n\n\n<p><\/p>\n\n\n\n<p>Seg\u00fan se inform\u00f3, <strong>el objetivo del curso es promover el aprendizaje de la Lengua de Se\u00f1as Argentina, fomentar la comunicaci\u00f3n inclusiva y generar una experiencia formativa accesible y disfrutable para los participantes.<\/strong><\/p>\n\n\n\n<p><\/p>\n\n\n\n<p>Las <strong>personas interesadas <\/strong>en obtener m\u00e1s informaci\u00f3n o inscribirse pueden comunicarse al <strong>2284-268173 (Nicol\u00e1s).<\/strong><\/p>\n","protected":false},"excerpt":{"rendered":"<p>La propuesta estar\u00e1 a cargo de un profesor especializado junto a referentes sordos. Las clases ser\u00e1n semanales y tendr\u00e1n una<\/p>\n","protected":false},"author":6,"featured_media":79858,"comment_status":"closed","ping_status":"closed","sticky":false,"template":"","format":"standard","meta":{"_jetpack_memberships_contains_paid_content":false,"footnotes":""},"categories":[9,1],"tags":[],"class_list":["post-201178","post","type-post","status-publish","format-standard","has-post-thumbnail","hentry","category-cultura","category-portada"],"jetpack_featured_media_url":"https:\/\/i0.wp.com\/cdnoticias.com\/wp-content\/uploads\/2023\/03\/alianza-francesa-00.jpg?fit=800%2C445&ssl=1","jetpack_sharing_enabled":true,"_links":{"self":[{"href":"https:\/\/cdnoticias.com\/index.php\/wp-json\/wp\/v2\/posts\/201178","targetHints":{"allow":["GET"]}}],"collection":[{"href":"https:\/\/cdnoticias.com\/index.php\/wp-json\/wp\/v2\/posts"}],"about":[{"href":"https:\/\/cdnoticias.com\/index.php\/wp-json\/wp\/v2\/types\/post"}],"author":[{"embeddable":true,"href":"https:\/\/cdnoticias.com\/index.php\/wp-json\/wp\/v2\/users\/6"}],"replies":[{"embeddable":true,"href":"https:\/\/cdnoticias.com\/index.php\/wp-json\/wp\/v2\/comments?post=201178"}],"version-history":[{"count":0,"href":"https:\/\/cdnoticias.com\/index.php\/wp-json\/wp\/v2\/posts\/201178\/revisions"}],"wp:featuredmedia":[{"embeddable":true,"href":"https:\/\/cdnoticias.com\/index.php\/wp-json\/wp\/v2\/media\/79858"}],"wp:attachment":[{"href":"https:\/\/cdnoticias.com\/index.php\/wp-json\/wp\/v2\/media?parent=201178"}],"wp:term":[{"taxonomy":"category","embeddable":true,"href":"https:\/\/cdnoticias.com\/index.php\/wp-json\/wp\/v2\/categories?post=201178"},{"taxonomy":"post_tag","embeddable":true,"href":"https:\/\/cdnoticias.com\/index.php\/wp-json\/wp\/v2\/tags?post=201178"}],"curies":[{"name":"wp","href":"https:\/\/api.w.org\/{rel}","templated":true}]}}