{"id":201168,"date":"2026-04-23T08:17:46","date_gmt":"2026-04-23T11:17:46","guid":{"rendered":"https:\/\/cdnoticias.com\/?p=201168"},"modified":"2026-04-23T12:06:30","modified_gmt":"2026-04-23T15:06:30","slug":"la-ucr-solicita-la-urgente-reparacion-de-la-ruta-provincial-n-51","status":"publish","type":"post","link":"https:\/\/cdnoticias.com\/index.php\/2026\/04\/23\/la-ucr-solicita-la-urgente-reparacion-de-la-ruta-provincial-n-51\/","title":{"rendered":"La UCR solicita la urgente reparaci\u00f3n de la Ruta Provincial N\u00b0 51"},"content":{"rendered":"\n<p>Lo hizo a trav\u00e9s de un Proyecto de Comunicaci\u00f3n que fue presentado en el HCD, en el que exige a la Direcci\u00f3n de Vialidad de la Provincia que realice las tareas correspondientes en el tramo comprendido entre el kil\u00f3metro 453 y 458.&nbsp;<\/p>\n\n\n\n<hr class=\"wp-block-separator aligncenter has-alpha-channel-opacity\"\/>\n\n\n\n<p>En la ma\u00f1ana del martes, la<strong> Uni\u00f3n C\u00edvica Radical de Olavarr\u00eda present\u00f3 un Proyecto de Comunicaci\u00f3n <\/strong>en el que solicita a la <strong>Direcci\u00f3n de Vialidad de la Provincia de Buenos Aires <\/strong>(DVBA) que lleve adelante la <strong>reparaci\u00f3n de la Ruta N\u00b0 51, en el tramo comprendido entre el kil\u00f3metro 453 y 458.\u00a0<\/strong><\/p>\n\n\n\n<p><\/p>\n\n\n\n<p>A su vez, tambi\u00e9n exige que la DVBA<strong> realice las tareas de reparaci\u00f3n, mantenimiento y se\u00f1alizaci\u00f3n del paso a nivel ubicado a la altura del Paraje \u201cSan Jacinto\u201d, m\u00e1s precisamente en el kil\u00f3metro 453<\/strong>.&nbsp;Por \u00faltimo, pide a la DVBA que ejecute un<strong> programa de control de pesaje de transporte de cargas en el sector <\/strong>antes mencionado. <\/p>\n\n\n\n<p><\/p>\n\n\n\n<p>El<strong> concejal radical Francisco Gonz\u00e1lez <\/strong>manifest\u00f3 que <em>\u201cel estado actual de la Ruta N\u00b0 51 es insostenible. Es urgente que se realicen tareas de mantenimiento y reparaci\u00f3n en el tramo que va desde el Paraje San Jacinto hasta el acceso de la Planta L\u2019Amal\u00ed, donde actualmente los veh\u00edculos que la transitan deben hacer maniobras peligrosas o reducir bruscamente la velocidad, lo cual es sumamente peligroso y puede ocasionar accidentes graves. Es por esto que demandamos al Gobierno Provincial que realice los trabajos de manera urgente por el bienestar y la seguridad de quienes transitan por ese sector\u201d.&nbsp;<\/em><\/p>\n\n\n\n<p><\/p>\n\n\n\n<figure class=\"wp-block-image aligncenter size-full\"><img data-recalc-dims=\"1\" loading=\"lazy\" decoding=\"async\" width=\"800\" height=\"466\" src=\"https:\/\/i0.wp.com\/cdnoticias.com\/wp-content\/uploads\/2026\/04\/ucr-rutaprovincial511.png?resize=800%2C466&#038;ssl=1\" alt=\"\" class=\"wp-image-201170\" srcset=\"https:\/\/i0.wp.com\/cdnoticias.com\/wp-content\/uploads\/2026\/04\/ucr-rutaprovincial511.png?w=879&amp;ssl=1 879w, https:\/\/i0.wp.com\/cdnoticias.com\/wp-content\/uploads\/2026\/04\/ucr-rutaprovincial511.png?resize=300%2C175&amp;ssl=1 300w, https:\/\/i0.wp.com\/cdnoticias.com\/wp-content\/uploads\/2026\/04\/ucr-rutaprovincial511.png?resize=768%2C447&amp;ssl=1 768w\" sizes=\"auto, (max-width: 800px) 100vw, 800px\" \/><\/figure>\n\n\n\n<p><\/p>\n\n\n\n<p>En esta misma l\u00ednea, se\u00f1al\u00f3: \u201cCreemos y acompa\u00f1amos aquellas iniciativas que proponen que lo que se recaude de la VTV sea destinado al mantenimiento de la red vial de la Provincia de Buenos Aires, es una de las maneras en las cuales se pueden solventar los trabajos en la Ruta 51 que es una de las principales v\u00edas que tiene el territorio bonaerense en cuanto al traslado de la producci\u00f3n y bueno en este caso tambi\u00e9n solicitamos la realizaci\u00f3n de controles de pesaje en las cargas de camiones ya que creemos que puede llegar a ser la principal causa del deterioro que presenta\u201d.<\/p>\n\n\n\n<p><\/p>\n\n\n\n<p>\u201cNo es un pedido nuevo, sino que es algo que venimos sosteniendo desde hace varios a\u00f1os y al d\u00eda de hoy no hemos encontrado ning\u00fan tipo de respuesta de parte del Gobernador Axel Kicillof\u201d, cerr\u00f3.<\/p>\n","protected":false},"excerpt":{"rendered":"<p>Lo hizo a trav\u00e9s de un Proyecto de Comunicaci\u00f3n que fue presentado en el HCD, en el que exige a<\/p>\n","protected":false},"author":6,"featured_media":201171,"comment_status":"closed","ping_status":"closed","sticky":false,"template":"","format":"standard","meta":{"_jetpack_memberships_contains_paid_content":false,"footnotes":""},"categories":[4,1],"tags":[],"class_list":["post-201168","post","type-post","status-publish","format-standard","has-post-thumbnail","hentry","category-politica","category-portada"],"jetpack_featured_media_url":"https:\/\/i0.wp.com\/cdnoticias.com\/wp-content\/uploads\/2026\/04\/ucr-rutaprovincial51.png?fit=908%2C568&ssl=1","jetpack_sharing_enabled":true,"_links":{"self":[{"href":"https:\/\/cdnoticias.com\/index.php\/wp-json\/wp\/v2\/posts\/201168","targetHints":{"allow":["GET"]}}],"collection":[{"href":"https:\/\/cdnoticias.com\/index.php\/wp-json\/wp\/v2\/posts"}],"about":[{"href":"https:\/\/cdnoticias.com\/index.php\/wp-json\/wp\/v2\/types\/post"}],"author":[{"embeddable":true,"href":"https:\/\/cdnoticias.com\/index.php\/wp-json\/wp\/v2\/users\/6"}],"replies":[{"embeddable":true,"href":"https:\/\/cdnoticias.com\/index.php\/wp-json\/wp\/v2\/comments?post=201168"}],"version-history":[{"count":0,"href":"https:\/\/cdnoticias.com\/index.php\/wp-json\/wp\/v2\/posts\/201168\/revisions"}],"wp:featuredmedia":[{"embeddable":true,"href":"https:\/\/cdnoticias.com\/index.php\/wp-json\/wp\/v2\/media\/201171"}],"wp:attachment":[{"href":"https:\/\/cdnoticias.com\/index.php\/wp-json\/wp\/v2\/media?parent=201168"}],"wp:term":[{"taxonomy":"category","embeddable":true,"href":"https:\/\/cdnoticias.com\/index.php\/wp-json\/wp\/v2\/categories?post=201168"},{"taxonomy":"post_tag","embeddable":true,"href":"https:\/\/cdnoticias.com\/index.php\/wp-json\/wp\/v2\/tags?post=201168"}],"curies":[{"name":"wp","href":"https:\/\/api.w.org\/{rel}","templated":true}]}}