{"id":201164,"date":"2026-04-26T09:10:43","date_gmt":"2026-04-26T12:10:43","guid":{"rendered":"https:\/\/cdnoticias.com\/?p=201164"},"modified":"2026-04-26T09:10:45","modified_gmt":"2026-04-26T12:10:45","slug":"coopelectric-charla-cuestiones-recientes-de-la-politica-ambiental","status":"publish","type":"post","link":"https:\/\/cdnoticias.com\/index.php\/2026\/04\/26\/coopelectric-charla-cuestiones-recientes-de-la-politica-ambiental\/","title":{"rendered":"Coopelectric: Charla \u201cCuestiones recientes de la pol\u00edtica ambiental\u201d"},"content":{"rendered":"\n<p>Ser\u00e1 dictada por el Dr. Marcelo Sarlingo, el jueves 30 de abril a las 19:30 horas. Entrada libre y gratuita.&nbsp;<\/p>\n\n\n\n<hr class=\"wp-block-separator aligncenter has-alpha-channel-opacity\"\/>\n\n\n\n<p>En el marco del <strong>\u201cCiclo de Charlas 2026\u201d<\/strong> de <strong>Coopelectric,<\/strong> se invita a la comunidad a participar de la <strong>charla \u201cCuestiones recientes de la Pol\u00edtica Ambiental\u201d.\u00a0<\/strong><\/p>\n\n\n\n<p><\/p>\n\n\n\n<p>La charla ser\u00e1<strong> dictada por el Dr. Marcelo Sarlingo, el jueves 30 de abril a las 19:30 horas en el Sal\u00f3n Audit\u00f3rium de Coopelectric<\/strong>, ubicado en Belgrano 2850 con<strong> entrada libre y gratuita.<\/strong><\/p>\n\n\n\n<p><\/p>\n\n\n\n<blockquote class=\"wp-block-quote is-layout-flow wp-block-quote-is-layout-flow\">\n<p>La reforma de la Ley de Glaciares en Argentina ha vuelto a poner en debate la gesti\u00f3n de los recursos naturales, la preservaci\u00f3n de reservas h\u00eddricas estrat\u00e9gicas, la protecci\u00f3n del medio ambiente, el cambio clim\u00e1tico y la presi\u00f3n generada por el desarrollo de actividades econ\u00f3micas. En este espacio, el Dr. Sarlingo abordar\u00e1 la tem\u00e1tica de forma integral a trav\u00e9s de los siguientes ejes: la pol\u00edtica ambiental como derecho constitucional, claves de la pol\u00edtica ambiental en Argentina, costos defensivos y pol\u00edtica ambiental.<\/p>\n<\/blockquote>\n\n\n\n<p><\/p>\n\n\n\n<p>El Dr. Marcelo Sarlingo es Antrop\u00f3logo y Trabajador Social (UNICEN), Dr. en Filosof\u00eda con orientaci\u00f3n en Antropolog\u00eda (UBA) y Mst. en Gesti\u00f3n Ambiental del Desarrollo Urbano (Universidad Nacional de Mar del Plata). Actualmente se desempe\u00f1a como Docente en la Facultad de Ciencias Sociales y en la Escuela de Ciencias de la Salud de la UNICEN.<\/p>\n\n\n\n<p><\/p>\n","protected":false},"excerpt":{"rendered":"<p>Ser\u00e1 dictada por el Dr. Marcelo Sarlingo, el jueves 30 de abril a las 19:30 horas. Entrada libre y gratuita.&nbsp;<\/p>\n","protected":false},"author":6,"featured_media":134487,"comment_status":"closed","ping_status":"closed","sticky":false,"template":"","format":"standard","meta":{"_jetpack_memberships_contains_paid_content":false,"footnotes":""},"categories":[5,1],"tags":[],"class_list":["post-201164","post","type-post","status-publish","format-standard","has-post-thumbnail","hentry","category-informacion-general","category-portada"],"jetpack_featured_media_url":"https:\/\/i0.wp.com\/cdnoticias.com\/wp-content\/uploads\/2025\/01\/coopelectric-fachada-02.jpg?fit=1000%2C556&ssl=1","jetpack_sharing_enabled":true,"_links":{"self":[{"href":"https:\/\/cdnoticias.com\/index.php\/wp-json\/wp\/v2\/posts\/201164","targetHints":{"allow":["GET"]}}],"collection":[{"href":"https:\/\/cdnoticias.com\/index.php\/wp-json\/wp\/v2\/posts"}],"about":[{"href":"https:\/\/cdnoticias.com\/index.php\/wp-json\/wp\/v2\/types\/post"}],"author":[{"embeddable":true,"href":"https:\/\/cdnoticias.com\/index.php\/wp-json\/wp\/v2\/users\/6"}],"replies":[{"embeddable":true,"href":"https:\/\/cdnoticias.com\/index.php\/wp-json\/wp\/v2\/comments?post=201164"}],"version-history":[{"count":1,"href":"https:\/\/cdnoticias.com\/index.php\/wp-json\/wp\/v2\/posts\/201164\/revisions"}],"predecessor-version":[{"id":201541,"href":"https:\/\/cdnoticias.com\/index.php\/wp-json\/wp\/v2\/posts\/201164\/revisions\/201541"}],"wp:featuredmedia":[{"embeddable":true,"href":"https:\/\/cdnoticias.com\/index.php\/wp-json\/wp\/v2\/media\/134487"}],"wp:attachment":[{"href":"https:\/\/cdnoticias.com\/index.php\/wp-json\/wp\/v2\/media?parent=201164"}],"wp:term":[{"taxonomy":"category","embeddable":true,"href":"https:\/\/cdnoticias.com\/index.php\/wp-json\/wp\/v2\/categories?post=201164"},{"taxonomy":"post_tag","embeddable":true,"href":"https:\/\/cdnoticias.com\/index.php\/wp-json\/wp\/v2\/tags?post=201164"}],"curies":[{"name":"wp","href":"https:\/\/api.w.org\/{rel}","templated":true}]}}