{"id":20079,"date":"2021-04-28T17:26:34","date_gmt":"2021-04-28T20:26:34","guid":{"rendered":"http:\/\/www.centraldenoticias.com.ar\/?p=20079"},"modified":"2021-04-28T18:26:55","modified_gmt":"2021-04-28T21:26:55","slug":"se-abrio-la-convocatoria-para-el-registro-de-mayores-contribuyentes","status":"publish","type":"post","link":"https:\/\/cdnoticias.com\/index.php\/2021\/04\/28\/se-abrio-la-convocatoria-para-el-registro-de-mayores-contribuyentes\/","title":{"rendered":"Se abri\u00f3 la convocatoria para el Registro de Mayores Contribuyentes"},"content":{"rendered":"<p>As\u00ed se inform\u00f3 desde la Secretaria de Gobierno. La convocatoria ser\u00e1 desde el 1\u00b0 hasta el 15 de mayo.<\/p>\n<p><!--more--><\/p>\n<hr \/>\n<p>Se inform\u00f3 desde la <strong>Secretaria de Gobierno<\/strong> que desde <strong>el 1 y hasta el 15 de mayo<\/strong> <strong>podr\u00e1n inscribirse para el Registro de Mayores Contribuyentes.<\/strong><\/p>\n<p>&nbsp;<\/p>\n<p>Los vecinos que se <strong>podr\u00e1n inscribir<\/strong> son aquellos que <em>\u201cabonen tasas comprendidas en la contribuci\u00f3n de mejoras y la retribuci\u00f3n de servicios municipales, obladas en forma directa y quienes se encuadran dentro de lo establecido en el Art. 94 (Ley N\u00ba 5887) de la Ley Org\u00e1nica de las Municipalidades\u201d<\/em>, se anunci\u00f3.<\/p>\n<p>&nbsp;<\/p>\n<p>Los interesados deben dirigirse a la <strong>Secretar\u00eda de Gobierno (1\u00ba piso del Palacio San Mart\u00edn) de lunes a viernes de 9 a 12 horas.<\/strong><\/p>\n<p>&nbsp;<\/p>\n<p>Por otro lado <strong>no podr\u00e1n anotarse<\/strong>:<\/p>\n<p>&nbsp;<\/p>\n<p>Quienes no tengan domicilio real y permanente en el Partido.<\/p>\n<p>&nbsp;<\/p>\n<p>El Intendente y los concejales.<\/p>\n<p>&nbsp;<\/p>\n<p>Los incapaces, los quebrados y concursados civiles.<\/p>\n<p>&nbsp;<\/p>\n<p>Los que est\u00e1n comprendidos en las inhabilidades e incompatibilidades establecidas en los Arts. 6\u00ba y 7\u00ba<\/p>\n<p>&nbsp;<\/p>\n<p>Las personas jur\u00eddicas<\/p>\n<p>&nbsp;<\/p>\n<p>Agrega la Ley Org\u00e1nica de las Municipalidades que la vigencia de cada lista caduca el 30 de abril de cada a\u00f1o.<\/p>\n","protected":false},"excerpt":{"rendered":"<p>As\u00ed se inform\u00f3 desde la Secretaria de Gobierno. La convocatoria ser\u00e1 desde el 1\u00b0 hasta el 15 de mayo.<\/p>\n","protected":false},"author":6,"featured_media":20080,"comment_status":"closed","ping_status":"closed","sticky":false,"template":"","format":"standard","meta":{"_jetpack_memberships_contains_paid_content":false,"footnotes":""},"categories":[4],"tags":[],"class_list":["post-20079","post","type-post","status-publish","format-standard","has-post-thumbnail","hentry","category-politica"],"jetpack_featured_media_url":"https:\/\/i0.wp.com\/cdnoticias.com\/wp-content\/uploads\/2021\/04\/Frente-Muni-II-1024x576.jpg?fit=1024%2C576&ssl=1","jetpack_sharing_enabled":true,"_links":{"self":[{"href":"https:\/\/cdnoticias.com\/index.php\/wp-json\/wp\/v2\/posts\/20079","targetHints":{"allow":["GET"]}}],"collection":[{"href":"https:\/\/cdnoticias.com\/index.php\/wp-json\/wp\/v2\/posts"}],"about":[{"href":"https:\/\/cdnoticias.com\/index.php\/wp-json\/wp\/v2\/types\/post"}],"author":[{"embeddable":true,"href":"https:\/\/cdnoticias.com\/index.php\/wp-json\/wp\/v2\/users\/6"}],"replies":[{"embeddable":true,"href":"https:\/\/cdnoticias.com\/index.php\/wp-json\/wp\/v2\/comments?post=20079"}],"version-history":[{"count":0,"href":"https:\/\/cdnoticias.com\/index.php\/wp-json\/wp\/v2\/posts\/20079\/revisions"}],"wp:featuredmedia":[{"embeddable":true,"href":"https:\/\/cdnoticias.com\/index.php\/wp-json\/wp\/v2\/media\/20080"}],"wp:attachment":[{"href":"https:\/\/cdnoticias.com\/index.php\/wp-json\/wp\/v2\/media?parent=20079"}],"wp:term":[{"taxonomy":"category","embeddable":true,"href":"https:\/\/cdnoticias.com\/index.php\/wp-json\/wp\/v2\/categories?post=20079"},{"taxonomy":"post_tag","embeddable":true,"href":"https:\/\/cdnoticias.com\/index.php\/wp-json\/wp\/v2\/tags?post=20079"}],"curies":[{"name":"wp","href":"https:\/\/api.w.org\/{rel}","templated":true}]}}