{"id":200486,"date":"2026-04-26T09:54:55","date_gmt":"2026-04-26T12:54:55","guid":{"rendered":"https:\/\/cdnoticias.com\/?p=200486"},"modified":"2026-04-26T09:54:57","modified_gmt":"2026-04-26T12:54:57","slug":"la-biblioteca-popular-armando-collinet-suma-arteterapia-a-su-propuesta-de-talleres","status":"publish","type":"post","link":"https:\/\/cdnoticias.com\/index.php\/2026\/04\/26\/la-biblioteca-popular-armando-collinet-suma-arteterapia-a-su-propuesta-de-talleres\/","title":{"rendered":"La Biblioteca Popular Armando Collinet suma Arteterapia a su propuesta de talleres"},"content":{"rendered":"\n<p>La actividad combina la expresi\u00f3n art\u00edstica con el bienestar emocional y est\u00e1 destinada a ni\u00f1os y ni\u00f1as de 5 a 10 a\u00f1os.<\/p>\n\n\n\n<hr class=\"wp-block-separator aligncenter has-alpha-channel-opacity\"\/>\n\n\n\n<p>La <strong>Biblioteca Popular Armando Collinet<\/strong> incorpora a su<strong> agenda de talleres <\/strong>una <strong>propuesta especialmente pensada para los m\u00e1s chicos: Arteterapia.\u00a0<\/strong><\/p>\n\n\n\n<p><\/p>\n\n\n\n<p>Se trata de un espacio que combina la<strong> expresi\u00f3n art\u00edstica con el bienestar emocional, destinado a ni\u00f1os y ni\u00f1as de 5 a 10 a\u00f1os. <\/strong>El taller estar\u00e1 a cargo de la <strong>psicopedagoga Sandra Sanabria<\/strong> y se desarrollar\u00e1 los<strong> viernes de 15 a 17 horas.<\/strong> Iniciar\u00e1<strong> en el mes de mayo<\/strong> y se desarrollar\u00e1 en Alsina 2659.<\/p>\n\n\n\n<p><\/p>\n\n\n\n<blockquote class=\"wp-block-quote is-layout-flow wp-block-quote-is-layout-flow\">\n<p>La arteterapia es una disciplina que utiliza el arte como herramienta de expresi\u00f3n, comunicaci\u00f3n y desarrollo personal.\u00a0A trav\u00e9s del dibujo, la pintura y otras t\u00e9cnicas pl\u00e1sticas, los ni\u00f1os y ni\u00f1as tienen la oportunidad de explorar sus emociones, desarrollar su creatividad y fortalecer su autoestima en un ambiente contenido y l\u00fadico.<\/p>\n<\/blockquote>\n\n\n\n<p><\/p>\n\n\n\n<p>Las personas interesadas en inscribir a ni\u00f1os y ni\u00f1as, pueden hacerlo personalmente en la sede de la Biblioteca, ubicada en Alsina 2659, o comunicarse por WhatsApp al 2284-545589.&nbsp;Tambi\u00e9n pueden escribir a trav\u00e9s de Instagram (@biblioarmandocollinet), Facebook (Biblioteca Popular Armando Collinet) o al correo electr\u00f3nico biblioarmandocollinetredes@gmail.com.<\/p>\n\n\n\n<p><\/p>\n","protected":false},"excerpt":{"rendered":"<p>La actividad combina la expresi\u00f3n art\u00edstica con el bienestar emocional y est\u00e1 destinada a ni\u00f1os y ni\u00f1as de 5 a<\/p>\n","protected":false},"author":6,"featured_media":115700,"comment_status":"closed","ping_status":"closed","sticky":false,"template":"","format":"standard","meta":{"_jetpack_memberships_contains_paid_content":false,"footnotes":""},"categories":[9,1],"tags":[],"class_list":["post-200486","post","type-post","status-publish","format-standard","has-post-thumbnail","hentry","category-cultura","category-portada"],"jetpack_featured_media_url":"https:\/\/i0.wp.com\/cdnoticias.com\/wp-content\/uploads\/2024\/05\/Biblioteca-Popular-Armando-Collinet.jpeg?fit=800%2C450&ssl=1","jetpack_sharing_enabled":true,"_links":{"self":[{"href":"https:\/\/cdnoticias.com\/index.php\/wp-json\/wp\/v2\/posts\/200486","targetHints":{"allow":["GET"]}}],"collection":[{"href":"https:\/\/cdnoticias.com\/index.php\/wp-json\/wp\/v2\/posts"}],"about":[{"href":"https:\/\/cdnoticias.com\/index.php\/wp-json\/wp\/v2\/types\/post"}],"author":[{"embeddable":true,"href":"https:\/\/cdnoticias.com\/index.php\/wp-json\/wp\/v2\/users\/6"}],"replies":[{"embeddable":true,"href":"https:\/\/cdnoticias.com\/index.php\/wp-json\/wp\/v2\/comments?post=200486"}],"version-history":[{"count":1,"href":"https:\/\/cdnoticias.com\/index.php\/wp-json\/wp\/v2\/posts\/200486\/revisions"}],"predecessor-version":[{"id":201557,"href":"https:\/\/cdnoticias.com\/index.php\/wp-json\/wp\/v2\/posts\/200486\/revisions\/201557"}],"wp:featuredmedia":[{"embeddable":true,"href":"https:\/\/cdnoticias.com\/index.php\/wp-json\/wp\/v2\/media\/115700"}],"wp:attachment":[{"href":"https:\/\/cdnoticias.com\/index.php\/wp-json\/wp\/v2\/media?parent=200486"}],"wp:term":[{"taxonomy":"category","embeddable":true,"href":"https:\/\/cdnoticias.com\/index.php\/wp-json\/wp\/v2\/categories?post=200486"},{"taxonomy":"post_tag","embeddable":true,"href":"https:\/\/cdnoticias.com\/index.php\/wp-json\/wp\/v2\/tags?post=200486"}],"curies":[{"name":"wp","href":"https:\/\/api.w.org\/{rel}","templated":true}]}}