{"id":20039,"date":"2021-04-27T18:28:32","date_gmt":"2021-04-27T21:28:32","guid":{"rendered":"http:\/\/www.centraldenoticias.com.ar\/?p=20039"},"modified":"2021-04-27T18:28:32","modified_gmt":"2021-04-27T21:28:32","slug":"acario-fabio-martinez-q-e-p-d","status":"publish","type":"post","link":"https:\/\/cdnoticias.com\/index.php\/2021\/04\/27\/acario-fabio-martinez-q-e-p-d\/","title":{"rendered":"Acario Fabio Mart\u00ednez (Q.E.P.D.)"},"content":{"rendered":"<p>Falleci\u00f3 en Olavarr\u00eda el d\u00eda 27 de Abril de 2021 a los 29 a\u00f1os de edad. Su compa\u00f1era Marina Basualdo. Sus padres Ceferino Carlos Martinez y Maria Ofelia Pacheco. Sus hermanos Carlos Javier, Antonela Beatriz, Oriana\u00a0Stefania, Ruth Belen y Macarena Soledad Martinez. Sus hermanos pol\u00edticos Juani Molina, Ariel Rivas y Olga Galmez. Sus sobrinos Javier Luis, \u00c1ngel Mario, Leonel Mat\u00edas, Priscila y Eze Fernando. Su ahijado Alexis Di Lorenzo. Sus tios. Sus primos y dem\u00e1s deudos participan su fallecimiento.<\/p>\n<p>&nbsp;<\/p>\n<p>Sus restos ser\u00e1n velados este mi\u00e9rcoles desde las 8.30 en la Sala Velatoria de Espa\u00f1a 2942, departamento B, y ser\u00e1n inhumados desde las 10.30 en el cementerio Loma de Paz. Servicio adherido a Coopelectric.<\/p>\n<p>&nbsp;<\/p>\n<p>Vecino de Barrio Juan Bautista Alberdi. Pensionado.<\/p>\n<p>&nbsp;<\/p>\n<p>&nbsp;<\/p>\n","protected":false},"excerpt":{"rendered":"<p>Falleci\u00f3 en Olavarr\u00eda el d\u00eda 27 de Abril de 2021 a los 29 a\u00f1os de edad. Su compa\u00f1era Marina Basualdo.<\/p>\n","protected":false},"author":3,"featured_media":0,"comment_status":"closed","ping_status":"closed","sticky":false,"template":"","format":"standard","meta":{"_jetpack_memberships_contains_paid_content":false,"footnotes":""},"categories":[10],"tags":[],"class_list":["post-20039","post","type-post","status-publish","format-standard","hentry","category-necrologicas"],"jetpack_featured_media_url":"","jetpack_sharing_enabled":true,"_links":{"self":[{"href":"https:\/\/cdnoticias.com\/index.php\/wp-json\/wp\/v2\/posts\/20039","targetHints":{"allow":["GET"]}}],"collection":[{"href":"https:\/\/cdnoticias.com\/index.php\/wp-json\/wp\/v2\/posts"}],"about":[{"href":"https:\/\/cdnoticias.com\/index.php\/wp-json\/wp\/v2\/types\/post"}],"author":[{"embeddable":true,"href":"https:\/\/cdnoticias.com\/index.php\/wp-json\/wp\/v2\/users\/3"}],"replies":[{"embeddable":true,"href":"https:\/\/cdnoticias.com\/index.php\/wp-json\/wp\/v2\/comments?post=20039"}],"version-history":[{"count":0,"href":"https:\/\/cdnoticias.com\/index.php\/wp-json\/wp\/v2\/posts\/20039\/revisions"}],"wp:attachment":[{"href":"https:\/\/cdnoticias.com\/index.php\/wp-json\/wp\/v2\/media?parent=20039"}],"wp:term":[{"taxonomy":"category","embeddable":true,"href":"https:\/\/cdnoticias.com\/index.php\/wp-json\/wp\/v2\/categories?post=20039"},{"taxonomy":"post_tag","embeddable":true,"href":"https:\/\/cdnoticias.com\/index.php\/wp-json\/wp\/v2\/tags?post=20039"}],"curies":[{"name":"wp","href":"https:\/\/api.w.org\/{rel}","templated":true}]}}