{"id":20018,"date":"2021-04-27T17:22:50","date_gmt":"2021-04-27T20:22:50","guid":{"rendered":"http:\/\/www.centraldenoticias.com.ar\/?p=20018"},"modified":"2021-04-27T17:22:50","modified_gmt":"2021-04-27T20:22:50","slug":"haran-hisopados-en-la-iglesia-de-jesucristo-de-los-santos-de-los-ultimos-dias","status":"publish","type":"post","link":"https:\/\/cdnoticias.com\/index.php\/2021\/04\/27\/haran-hisopados-en-la-iglesia-de-jesucristo-de-los-santos-de-los-ultimos-dias\/","title":{"rendered":"Har\u00e1n hisopados en la Iglesia de Jesucristo de los Santos de los \u00daltimos D\u00edas"},"content":{"rendered":"<p>Ser\u00e1 desde mayo en el edificio ubicado en las cercan\u00edas del Hospital Municipal, con el objetivo de resguardar a los vecinos de las bajas temperaturas.<!--more--><\/p>\n<hr \/>\n<p>En la ma\u00f1ana de este martes el intendente Ezequiel Galli y el\u00a0 presidente de la Iglesia de Jesucristo de los Santos de los \u00daltimos D\u00edas, Gustavo And\u00eda,<strong> firmaron convenio para que la Secretar\u00eda de Salud pueda hacer uso de las instalaciones de la capilla.<\/strong><\/p>\n<p>&nbsp;<\/p>\n<p>En este sentido, el Secretario de Salud Germ\u00e1n Caputo explic\u00f3 que<strong> desde mayo<\/strong> se van a realizar los hisopados en las instalaciones de la Iglesia porque<strong> \u201cnos resulta muy c\u00f3moda por la cercan\u00eda al Hospital Municipal y porque es un lugar m\u00e1s contenido ante la llegada del fr\u00edo\u201d.<\/strong><\/p>\n<p>&nbsp;<\/p>\n<p><img data-recalc-dims=\"1\" loading=\"lazy\" decoding=\"async\" class=\"alignnone size-large wp-image-20019\" src=\"https:\/\/i0.wp.com\/cdnoticias.com\/wp-content\/uploads\/2021\/04\/Salud-Firma-Convenio-Iglesia-4-scaled.jpg?resize=800%2C534&#038;ssl=1\" alt=\"\" width=\"800\" height=\"534\" srcset=\"https:\/\/i0.wp.com\/cdnoticias.com\/wp-content\/uploads\/2021\/04\/Salud-Firma-Convenio-Iglesia-4-scaled.jpg?resize=1024%2C684&amp;ssl=1 1024w, https:\/\/i0.wp.com\/cdnoticias.com\/wp-content\/uploads\/2021\/04\/Salud-Firma-Convenio-Iglesia-4-scaled.jpg?resize=300%2C201&amp;ssl=1 300w, https:\/\/i0.wp.com\/cdnoticias.com\/wp-content\/uploads\/2021\/04\/Salud-Firma-Convenio-Iglesia-4-scaled.jpg?resize=768%2C513&amp;ssl=1 768w, https:\/\/i0.wp.com\/cdnoticias.com\/wp-content\/uploads\/2021\/04\/Salud-Firma-Convenio-Iglesia-4-scaled.jpg?resize=272%2C182&amp;ssl=1 272w, https:\/\/i0.wp.com\/cdnoticias.com\/wp-content\/uploads\/2021\/04\/Salud-Firma-Convenio-Iglesia-4-scaled.jpg?w=1600&amp;ssl=1 1600w, https:\/\/i0.wp.com\/cdnoticias.com\/wp-content\/uploads\/2021\/04\/Salud-Firma-Convenio-Iglesia-4-scaled.jpg?w=2400&amp;ssl=1 2400w\" sizes=\"auto, (max-width: 800px) 100vw, 800px\" \/><\/p>\n<p>&nbsp;<\/p>\n<p>Por su parte, Ezequiel Galli destac\u00f3 la \u201cpredisposici\u00f3n de los integrantes de la Iglesia y para nosotros <strong>es una tranquilidad saber que podemos contar con este lugar que es muy c\u00f3modo para todo el personal de nuestro equipo de salud<\/strong>\u201d.<\/p>\n<p>&nbsp;<\/p>\n<p>\u201cYa hab\u00edamos firmado un convenio el a\u00f1o pasado por una posible utilizaci\u00f3n de camas en la capilla y afortunadamente no las tuvimos que utilizar, pero <strong>valoramos mucho el compromiso de los integrantes de la Iglesia con la comunidad y los vecinos del Partido de Olavarr\u00eda<\/strong>\u201d, a\u00f1adi\u00f3 Galli.<\/p>\n","protected":false},"excerpt":{"rendered":"<p>Ser\u00e1 desde mayo en el edificio ubicado en las cercan\u00edas del Hospital Municipal, con el objetivo de resguardar a los<\/p>\n","protected":false},"author":3,"featured_media":20020,"comment_status":"closed","ping_status":"closed","sticky":false,"template":"","format":"standard","meta":{"_jetpack_memberships_contains_paid_content":false,"footnotes":""},"categories":[5,1],"tags":[],"class_list":["post-20018","post","type-post","status-publish","format-standard","has-post-thumbnail","hentry","category-informacion-general","category-portada"],"jetpack_featured_media_url":"https:\/\/i0.wp.com\/cdnoticias.com\/wp-content\/uploads\/2021\/04\/Salud-Firma-Convenio-Iglesia-3-scaled.jpg?fit=2560%2C1711&ssl=1","jetpack_sharing_enabled":true,"_links":{"self":[{"href":"https:\/\/cdnoticias.com\/index.php\/wp-json\/wp\/v2\/posts\/20018","targetHints":{"allow":["GET"]}}],"collection":[{"href":"https:\/\/cdnoticias.com\/index.php\/wp-json\/wp\/v2\/posts"}],"about":[{"href":"https:\/\/cdnoticias.com\/index.php\/wp-json\/wp\/v2\/types\/post"}],"author":[{"embeddable":true,"href":"https:\/\/cdnoticias.com\/index.php\/wp-json\/wp\/v2\/users\/3"}],"replies":[{"embeddable":true,"href":"https:\/\/cdnoticias.com\/index.php\/wp-json\/wp\/v2\/comments?post=20018"}],"version-history":[{"count":0,"href":"https:\/\/cdnoticias.com\/index.php\/wp-json\/wp\/v2\/posts\/20018\/revisions"}],"wp:featuredmedia":[{"embeddable":true,"href":"https:\/\/cdnoticias.com\/index.php\/wp-json\/wp\/v2\/media\/20020"}],"wp:attachment":[{"href":"https:\/\/cdnoticias.com\/index.php\/wp-json\/wp\/v2\/media?parent=20018"}],"wp:term":[{"taxonomy":"category","embeddable":true,"href":"https:\/\/cdnoticias.com\/index.php\/wp-json\/wp\/v2\/categories?post=20018"},{"taxonomy":"post_tag","embeddable":true,"href":"https:\/\/cdnoticias.com\/index.php\/wp-json\/wp\/v2\/tags?post=20018"}],"curies":[{"name":"wp","href":"https:\/\/api.w.org\/{rel}","templated":true}]}}