{"id":199884,"date":"2026-04-09T16:31:45","date_gmt":"2026-04-09T19:31:45","guid":{"rendered":"https:\/\/cdnoticias.com\/?p=199884"},"modified":"2026-04-09T20:17:30","modified_gmt":"2026-04-09T23:17:30","slug":"roldan-la-condena-era-la-esperada-pero-deja-un-sabor-amargo","status":"publish","type":"post","link":"https:\/\/cdnoticias.com\/index.php\/2026\/04\/09\/roldan-la-condena-era-la-esperada-pero-deja-un-sabor-amargo\/","title":{"rendered":"Rold\u00e1n: \u201cLa condena era la esperada, pero deja un sabor amargo\u201d"},"content":{"rendered":"\n<p>El abogado de la familia Abreg\u00fa analiz\u00f3 el fallo y remarc\u00f3 las limitaciones del proceso judicial. Tambi\u00e9n cuestion\u00f3 el accionar institucional y valor\u00f3 el acompa\u00f1amiento en la causa.<\/p>\n\n\n\n<hr class=\"wp-block-separator aligncenter has-alpha-channel-opacity\"\/>\n\n\n\n<p>Tras la <strong>condena a la oficial Vanesa N\u00fa\u00f1ez por<a href=\"https:\/\/cdnoticias.com\/index.php\/2026\/04\/01\/muerte-de-daiana-abregu-fue-condenada-la-policia-acusada\/\" target=\"_blank\" rel=\"noreferrer noopener\"> incumplimiento de los deberes de funcionario p\u00fablico<\/a> en la causa por la muerte de Daiana Abreg\u00fa<\/strong>, el abogado de la familia,<strong> Sergio Rold\u00e1n, consider\u00f3 que el fallo \u201cera el esperado\u201d, aunque dej\u00f3 \u201cun sabor amargo\u201d.<\/strong><\/p>\n\n\n\n<p><\/p>\n\n\n\n<p>En di\u00e1logo con el programa <strong>Levantate por Radio Sapiens<\/strong>, el letrado explic\u00f3 que el resultado judicial<strong> estuvo condicionado por la calificaci\u00f3n con la que la causa lleg\u00f3 a juicio.<\/strong> En ese sentido, record\u00f3 que la investigaci\u00f3n se inici\u00f3 como homicidio agravado, con cinco polic\u00edas detenidos, pero que las pericias resultaron contradictorias.<\/p>\n\n\n\n<p><\/p>\n\n\n\n<blockquote class=\"wp-block-quote is-layout-flow wp-block-quote-is-layout-flow\">\n<p>\u201cUno de los peritos m\u00e9dicos dice que era un homicidio y dos peritos de la Corte Suprema dijeron que era un suicidio. Con esa prueba en la mano el fiscal no pudo seguir avanzando por homicidio agravado\u201d, detall\u00f3.<\/p>\n<\/blockquote>\n\n\n\n<p><\/p>\n\n\n\n<p>Rold\u00e1n tambi\u00e9n <strong>destac\u00f3 el rol de la Comisi\u00f3n Provincial por la Memoria<\/strong>, al se\u00f1alar que su intervenci\u00f3n fue clave para que la causa avanzara hasta una sentencia.<\/p>\n\n\n\n<p><\/p>\n\n\n\n<p>No obstante, el abogado<strong> remarc\u00f3 las dificultades de litigar contra el Estado<\/strong> y cuestion\u00f3 algunos aspectos institucionales vinculados al caso.<\/p>\n\n\n\n<p><\/p>\n\n\n\n<p>Finalmente, sostuvo que, pese a las limitaciones,<strong> la resoluci\u00f3n judicial sienta un precedente relevante,<\/strong> en un contexto que \u2014seg\u00fan indic\u00f3\u2014 no resultaba sencillo para lograr una condena contra personal policial.<\/p>\n\n\n\n<p><\/p>\n\n\n\n<figure class=\"wp-block-embed is-type-wp-embed is-provider-central-de-noticias-olavarr-a wp-block-embed-central-de-noticias-olavarr-a\"><div class=\"wp-block-embed__wrapper\">\n<blockquote class=\"wp-embedded-content\" data-secret=\"DwEOTjW8Vk\"><a href=\"https:\/\/cdnoticias.com\/index.php\/2026\/04\/01\/muerte-de-daiana-abregu-fue-condenada-la-policia-acusada\/\">Muerte de Daiana Abreg\u00fa: fue condenada la polic\u00eda acusada<\/a><\/blockquote><iframe loading=\"lazy\" class=\"wp-embedded-content\" sandbox=\"allow-scripts\" security=\"restricted\" style=\"position: absolute; visibility: hidden;\" title=\"&#8220;Muerte de Daiana Abreg\u00fa: fue condenada la polic\u00eda acusada&#8221; &#8212; Central de Noticias | Olavarr\u00eda\" src=\"https:\/\/cdnoticias.com\/index.php\/2026\/04\/01\/muerte-de-daiana-abregu-fue-condenada-la-policia-acusada\/embed\/#?secret=siYj4LvwbX#?secret=DwEOTjW8Vk\" data-secret=\"DwEOTjW8Vk\" width=\"600\" height=\"338\" frameborder=\"0\" marginwidth=\"0\" marginheight=\"0\" scrolling=\"no\"><\/iframe>\n<\/div><\/figure>\n\n\n\n<p><\/p>\n\n\n\n<p><strong>El caso<\/strong><\/p>\n\n\n\n<p><br>El hecho ocurri\u00f3 el <strong>5 de junio de 2022<\/strong>, cuando Daiana Abreg\u00fa <strong>fue hallada muerta en un calabozo de la comisar\u00eda de Laprida.<\/strong> En un inicio, cinco efectivos policiales fueron imputados por homicidio, aunque esa calificaci\u00f3n fue posteriormente desestimada.<\/p>\n\n\n\n<p><\/p>\n\n\n\n<p>A comienzos de <strong>2024,<\/strong> cuatro de los polic\u00edas involucrados fueron sobrese\u00eddos, <strong>quedando como \u00fanica imputada la agente Vanesa N\u00fa\u00f1ez, quien cumpl\u00eda funciones de custodia durante la noche del hecho.<\/strong><\/p>\n\n\n\n<p><\/p>\n\n\n\n<p>El pasado <strong>mi\u00e9rcoles 25 de marzo<\/strong>, durante la audiencia oral, las partes presentaron sus alegatos.<strong> La Fiscal\u00eda, representada por Ignacio Calonje, solicit\u00f3 un a\u00f1o de prisi\u00f3n de ejecuci\u00f3n condicional, pedido que tambi\u00e9n fue acompa\u00f1ado por el abogado de la familia.<\/strong><\/p>\n\n\n\n<p><\/p>\n\n\n\n<p>Por su parte, <strong>la Comisi\u00f3n Provincial por la Memoria \u2014en car\u00e1cter de particular damnificado\u2014 hab\u00eda requerido una pena de cinco a\u00f1os de prisi\u00f3n, <\/strong>diez de inhabilitaci\u00f3n y el cambio de calificaci\u00f3n a homicidio culposo agravado.<\/p>\n\n\n\n<p><\/p>\n\n\n\n<p>En tanto, <strong>la defensa de N\u00fa\u00f1ez, a cargo del abogado C\u00e9sar Garc\u00eda, solicit\u00f3 la absoluci\u00f3n y cuestion\u00f3 la acusaci\u00f3n <\/strong>por incumplimiento de deberes de funcionario p\u00fablico, al sostener que no se prob\u00f3 la comisi\u00f3n de delito.<\/p>\n","protected":false},"excerpt":{"rendered":"<p>El abogado de la familia Abreg\u00fa analiz\u00f3 el fallo y remarc\u00f3 las limitaciones del proceso judicial. Tambi\u00e9n cuestion\u00f3 el accionar<\/p>\n","protected":false},"author":5,"featured_media":79459,"comment_status":"closed","ping_status":"closed","sticky":false,"template":"","format":"standard","meta":{"_jetpack_memberships_contains_paid_content":false,"footnotes":""},"categories":[14,1],"tags":[],"class_list":["post-199884","post","type-post","status-publish","format-standard","has-post-thumbnail","hentry","category-policiales","category-portada"],"jetpack_featured_media_url":"https:\/\/i0.wp.com\/cdnoticias.com\/wp-content\/uploads\/2023\/03\/sergio-roldan-02.jpg?fit=800%2C445&ssl=1","jetpack_sharing_enabled":true,"_links":{"self":[{"href":"https:\/\/cdnoticias.com\/index.php\/wp-json\/wp\/v2\/posts\/199884","targetHints":{"allow":["GET"]}}],"collection":[{"href":"https:\/\/cdnoticias.com\/index.php\/wp-json\/wp\/v2\/posts"}],"about":[{"href":"https:\/\/cdnoticias.com\/index.php\/wp-json\/wp\/v2\/types\/post"}],"author":[{"embeddable":true,"href":"https:\/\/cdnoticias.com\/index.php\/wp-json\/wp\/v2\/users\/5"}],"replies":[{"embeddable":true,"href":"https:\/\/cdnoticias.com\/index.php\/wp-json\/wp\/v2\/comments?post=199884"}],"version-history":[{"count":0,"href":"https:\/\/cdnoticias.com\/index.php\/wp-json\/wp\/v2\/posts\/199884\/revisions"}],"wp:featuredmedia":[{"embeddable":true,"href":"https:\/\/cdnoticias.com\/index.php\/wp-json\/wp\/v2\/media\/79459"}],"wp:attachment":[{"href":"https:\/\/cdnoticias.com\/index.php\/wp-json\/wp\/v2\/media?parent=199884"}],"wp:term":[{"taxonomy":"category","embeddable":true,"href":"https:\/\/cdnoticias.com\/index.php\/wp-json\/wp\/v2\/categories?post=199884"},{"taxonomy":"post_tag","embeddable":true,"href":"https:\/\/cdnoticias.com\/index.php\/wp-json\/wp\/v2\/tags?post=199884"}],"curies":[{"name":"wp","href":"https:\/\/api.w.org\/{rel}","templated":true}]}}