{"id":19985,"date":"2021-04-27T15:12:04","date_gmt":"2021-04-27T18:12:04","guid":{"rendered":"http:\/\/www.centraldenoticias.com.ar\/?p=19985"},"modified":"2021-04-27T15:12:04","modified_gmt":"2021-04-27T18:12:04","slug":"futuro-memoria-continua-abierta-la-inscripcion","status":"publish","type":"post","link":"https:\/\/cdnoticias.com\/index.php\/2021\/04\/27\/futuro-memoria-continua-abierta-la-inscripcion\/","title":{"rendered":"\u201cFuturo Memoria\u201d contin\u00faa abierta la inscripci\u00f3n"},"content":{"rendered":"<p>El programa invita a la participaci\u00f3n de los j\u00f3venes de entre 14 y 18 a\u00f1os con la presentaci\u00f3n de producciones culturales sobre memoria y derechos humanos.<!--more--><\/p>\n<hr \/>\n<p>Desde la <strong>Subsecretar\u00eda de Derechos Humanos de la Provincia de Buenos Aires<\/strong> junto a la <strong>Direcci\u00f3n de Juventudes del Ministerio de Desarrollo de la Comunidad<\/strong> y en articulaci\u00f3n con la\u00a0 de <strong>Jefatura Regional de Educaci\u00f3n<\/strong> difunden el <strong>Programa Futuro Memoria en Olavarr\u00eda<\/strong> y otros municipios de la s\u00e9ptima secci\u00f3n electoral para promover la participaci\u00f3n de los j\u00f3venes a esta propuesta.<\/p>\n<p>&nbsp;<\/p>\n<p>El Programa \u201cFuturo Memoria\u201d <strong>es un concurso de producciones culturales destinado a j\u00f3venes entre 14 y 18 a\u00f1os que interesados\/as en vivir una experiencia educativa y creativa vinculada a la Memoria y los Derechos Humanos<\/strong>. <em>Tienen que ser in\u00e9ditas, propias y originales, pueden ser en distintos formatos digitales gr\u00e1ficos, audiovisuales y sonoros: programa de radio, cortos, entrevistas, teatro, radioteatro, stop-motion, podcast, canciones, poemas, stand up, cr\u00f3nicas, cuentos, historietas, videominutos, fotograf\u00edas, dibujos, entre otros<\/em>.<\/p>\n<p>&nbsp;<\/p>\n<p>Los <strong>ejes<\/strong> sobre los que se deber\u00e1 producir las obras son: <em>\u201cMemoria, Juventudes y Participaci\u00f3n Pol\u00edtica\u201d; \u201cLas luchas por la Memoria, la Verdad y la Justicia\u201d, \u201cG\u00e9nero y Memoria\u201d y \u201cMemorias Latinoamericanas\u201d<\/em>.<\/p>\n<p>&nbsp;<\/p>\n<p>El proceso de producci\u00f3n ser\u00e1 coordinado y acompa\u00f1ado a trav\u00e9s de la plataforma educativa de la <strong>Escuela Provincial de Derechos Humanos<\/strong> y de talleres virtuales y presenciales de seguimiento de proyectos.<\/p>\n<p>&nbsp;<\/p>\n<p>La inscripci\u00f3n se mantiene abierta<strong> hasta el viernes 30 de abril<\/strong> y se <a href=\"https:\/\/docs.google.com\/forms\/d\/1glV_rDNgyWVsYoPftec3Edi81ZKOF4rvwS2PwiMzurs\/edit\" target=\"_blank\" rel=\"noopener\">realiza mediante este formulario<\/a>.<\/p>\n<p>&nbsp;<\/p>\n","protected":false},"excerpt":{"rendered":"<p>El programa invita a la participaci\u00f3n de los j\u00f3venes de entre 14 y 18 a\u00f1os con la presentaci\u00f3n de producciones<\/p>\n","protected":false},"author":4,"featured_media":19986,"comment_status":"closed","ping_status":"closed","sticky":false,"template":"","format":"standard","meta":{"_jetpack_memberships_contains_paid_content":false,"footnotes":""},"categories":[9,1],"tags":[],"class_list":["post-19985","post","type-post","status-publish","format-standard","has-post-thumbnail","hentry","category-cultura","category-portada"],"jetpack_featured_media_url":"https:\/\/i0.wp.com\/cdnoticias.com\/wp-content\/uploads\/2021\/04\/WhatsApp-Image-2021-04-27-at-12.33.04.jpeg?fit=528%2C267&ssl=1","jetpack_sharing_enabled":true,"_links":{"self":[{"href":"https:\/\/cdnoticias.com\/index.php\/wp-json\/wp\/v2\/posts\/19985","targetHints":{"allow":["GET"]}}],"collection":[{"href":"https:\/\/cdnoticias.com\/index.php\/wp-json\/wp\/v2\/posts"}],"about":[{"href":"https:\/\/cdnoticias.com\/index.php\/wp-json\/wp\/v2\/types\/post"}],"author":[{"embeddable":true,"href":"https:\/\/cdnoticias.com\/index.php\/wp-json\/wp\/v2\/users\/4"}],"replies":[{"embeddable":true,"href":"https:\/\/cdnoticias.com\/index.php\/wp-json\/wp\/v2\/comments?post=19985"}],"version-history":[{"count":0,"href":"https:\/\/cdnoticias.com\/index.php\/wp-json\/wp\/v2\/posts\/19985\/revisions"}],"wp:featuredmedia":[{"embeddable":true,"href":"https:\/\/cdnoticias.com\/index.php\/wp-json\/wp\/v2\/media\/19986"}],"wp:attachment":[{"href":"https:\/\/cdnoticias.com\/index.php\/wp-json\/wp\/v2\/media?parent=19985"}],"wp:term":[{"taxonomy":"category","embeddable":true,"href":"https:\/\/cdnoticias.com\/index.php\/wp-json\/wp\/v2\/categories?post=19985"},{"taxonomy":"post_tag","embeddable":true,"href":"https:\/\/cdnoticias.com\/index.php\/wp-json\/wp\/v2\/tags?post=19985"}],"curies":[{"name":"wp","href":"https:\/\/api.w.org\/{rel}","templated":true}]}}