{"id":19981,"date":"2021-04-27T11:47:13","date_gmt":"2021-04-27T14:47:13","guid":{"rendered":"http:\/\/www.centraldenoticias.com.ar\/?p=19981"},"modified":"2021-04-27T14:44:02","modified_gmt":"2021-04-27T17:44:02","slug":"la-dinamica-de-la-ocupacion-de-camas-en-el-hospital-municipal","status":"publish","type":"post","link":"https:\/\/cdnoticias.com\/index.php\/2021\/04\/27\/la-dinamica-de-la-ocupacion-de-camas-en-el-hospital-municipal\/","title":{"rendered":"La din\u00e1mica de la ocupaci\u00f3n de camas en el Hospital Municipal"},"content":{"rendered":"<p>Lo explic\u00f3 la directora del Hospital Municipal, Silvina Guanuco: \u201cahora tengo tres camas en terapia, pero si se complican los pacientes de Sala Covid ya no hay m\u00e1s. Anoche a determinada hora no ten\u00eda m\u00e1s camas\u201d dijo.<!--more--><\/p>\n<hr \/>\n<p><strong>La ocupaci\u00f3n de camas en el Hospital Municipal con los contagios de Covid se mantiene alt\u00edsima<\/strong>. El \u00faltimo <a href=\"https:\/\/cdnoticias.com\/index.php\/2021\/04\/26\/se-detectaron-mas-de-100-nuevos-casos-y-crecio-el-numero-de-pacientes-activos\/\" target=\"_blank\" rel=\"noopener\">informe de la emergencia sanitaria<\/a> expuso que <strong>se mantiene el 100% de ocupaci\u00f3n en Sala Covid y de 85% en Terapia Intensiva, con solo tres camas disponibles.<\/strong><\/p>\n<p>&nbsp;<\/p>\n<p>La <strong>directora del Hospital Municipal, Silvina Guanuco<\/strong>, expuso que se trata de <strong>una situaci\u00f3n \u201cmuy din\u00e1mica\u201d<\/strong>, ya que la rotaci\u00f3n de los pacientes es constante y ello implica que se liberan y ocupan camas en las distintas salas con frecuencia.<\/p>\n<p>&nbsp;<\/p>\n<p>Tambi\u00e9n se refiri\u00f3 a la permanencia de los pacientes con asistencia respiratoria:<strong> &#8220;la mayor\u00eda de los pacientes llevan entre 15 y 20 d\u00edas de respirador\u201d<\/strong> afirm\u00f3.<\/p>\n<p>&nbsp;<\/p>\n<blockquote><p>\u201cEl nivel de ocupaci\u00f3n del Hospital es alt\u00edsimo con mayor o menor, alguna baja, pero siempre por encima del 85% y eso es preocupante porque siguen habiendo muchos casos\u201d evalu\u00f3 la directora en una entrevista con el programa \u201cEntre Amigos\u201d de LU 32.<\/p><\/blockquote>\n<p>&nbsp;<\/p>\n<figure id=\"attachment_1753\" aria-describedby=\"caption-attachment-1753\" style=\"width: 800px\" class=\"wp-caption aligncenter\"><img data-recalc-dims=\"1\" loading=\"lazy\" decoding=\"async\" class=\"wp-image-1753 size-large\" src=\"https:\/\/i0.wp.com\/cdnoticias.com\/wp-content\/uploads\/2020\/09\/Silvina-Guanuco.jpg?resize=800%2C534&#038;ssl=1\" alt=\"\" width=\"800\" height=\"534\" srcset=\"https:\/\/i0.wp.com\/cdnoticias.com\/wp-content\/uploads\/2020\/09\/Silvina-Guanuco.jpg?w=1024&amp;ssl=1 1024w, https:\/\/i0.wp.com\/cdnoticias.com\/wp-content\/uploads\/2020\/09\/Silvina-Guanuco.jpg?resize=300%2C200&amp;ssl=1 300w, https:\/\/i0.wp.com\/cdnoticias.com\/wp-content\/uploads\/2020\/09\/Silvina-Guanuco.jpg?resize=768%2C512&amp;ssl=1 768w, https:\/\/i0.wp.com\/cdnoticias.com\/wp-content\/uploads\/2020\/09\/Silvina-Guanuco.jpg?resize=272%2C182&amp;ssl=1 272w\" sizes=\"auto, (max-width: 800px) 100vw, 800px\" \/><figcaption id=\"caption-attachment-1753\" class=\"wp-caption-text\">La directora del Hospital, Silvina Guanuco.<\/figcaption><\/figure>\n<p>&nbsp;<\/p>\n<p>La m\u00e9dica se\u00f1al\u00f3 que <strong>\u201chay todo un movimiento del paciente, seg\u00fan los requerimientos\u201d<\/strong> para explicar los pasos que se siguen desde el ingreso por Guardia. A ello sigue el seguimiento de la ocupaci\u00f3n de cada \u00e1rea: \u201cnosotros lo que hacemos en todo el d\u00eda, recorremos y vemos las necesidades de cada sala\u201d dijo.<\/p>\n<p>&nbsp;<\/p>\n<p>\u201c<strong>Tenemos alta tasa de ocupaci\u00f3n, pero todav\u00eda tenemos camas<\/strong>. A lo mejor en un determinado momento del d\u00eda puede que no haya camas disponibles en determinado lugar. Lo que vamos haciendo es mover a los pacientes seg\u00fan las necesidades\u201d se\u00f1al\u00f3 la directora para explicar el dinamismo del panorama.<\/p>\n<p>&nbsp;<\/p>\n<blockquote><p>M\u00e1s adelante, a\u00f1adi\u00f3 \u201cahora tengo tres camas en terapia, pero si se complican los pacientes de Sala Covid ya no hay m\u00e1s. Anoche a determinada hora no ten\u00eda m\u00e1s camas\u201d.<\/p><\/blockquote>\n<p>&nbsp;<\/p>\n<p>Luego enfatiz\u00f3 que \u201c<strong>las personas tienen que estar seguras que cuando lleguen ac\u00e1 los vamos a atender<\/strong>, pero hasta que no est\u00e1n ac\u00e1 no ven el trabajo que hacemos\u201d. Cabe recordar que <a href=\"https:\/\/cdnoticias.com\/index.php\/2021\/04\/19\/german-caputo-nunca-se-dejara-morir-a-nadie-sin-atencion-medica\/\" target=\"_blank\" rel=\"noopener\">en el mismo sentido se expres\u00f3 el secretario Caputo<\/a> la semana anterior quien en el marco de los cuestionamientos a la atenci\u00f3n sanitaria sostuvo que\u00a0\u201cnunca se dejar\u00e1 morir a nadie sin atenci\u00f3n m\u00e9dica\u201d.<\/p>\n<p>&nbsp;<\/p>\n<p>Por \u00faltimo, ante la consulta <strong>por el abastecimiento de ox\u00edgeno<\/strong>, algo sobre lo que <a href=\"https:\/\/cdnoticias.com\/index.php\/2021\/04\/27\/expertos-pidieron-profundizar-controles-y-esperar-72-horas-para-avanzar-en-mas-restricciones\/\" target=\"_blank\" rel=\"noopener\">se plante\u00f3 preocupaci\u00f3n a nivel nacional<\/a>, Guanuco se\u00f1al\u00f3 que<strong> \u201chasta el momento, no hemos tenido inconveniente\u201d<\/strong> al tiempo que refiri\u00f3 que desde el \u00e1rea de Farmacia recibe dos informes diarios sobre la disponibilidad.<\/p>\n","protected":false},"excerpt":{"rendered":"<p>Lo explic\u00f3 la directora del Hospital Municipal, Silvina Guanuco: \u201cahora tengo tres camas en terapia, pero si se complican los<\/p>\n","protected":false},"author":4,"featured_media":19334,"comment_status":"closed","ping_status":"closed","sticky":false,"template":"","format":"standard","meta":{"_jetpack_memberships_contains_paid_content":false,"footnotes":""},"categories":[5,1],"tags":[],"class_list":["post-19981","post","type-post","status-publish","format-standard","has-post-thumbnail","hentry","category-informacion-general","category-portada"],"jetpack_featured_media_url":"https:\/\/i0.wp.com\/cdnoticias.com\/wp-content\/uploads\/2021\/04\/conferencia-caputo-800x445-C.jpg?fit=800%2C445&ssl=1","jetpack_sharing_enabled":true,"_links":{"self":[{"href":"https:\/\/cdnoticias.com\/index.php\/wp-json\/wp\/v2\/posts\/19981","targetHints":{"allow":["GET"]}}],"collection":[{"href":"https:\/\/cdnoticias.com\/index.php\/wp-json\/wp\/v2\/posts"}],"about":[{"href":"https:\/\/cdnoticias.com\/index.php\/wp-json\/wp\/v2\/types\/post"}],"author":[{"embeddable":true,"href":"https:\/\/cdnoticias.com\/index.php\/wp-json\/wp\/v2\/users\/4"}],"replies":[{"embeddable":true,"href":"https:\/\/cdnoticias.com\/index.php\/wp-json\/wp\/v2\/comments?post=19981"}],"version-history":[{"count":0,"href":"https:\/\/cdnoticias.com\/index.php\/wp-json\/wp\/v2\/posts\/19981\/revisions"}],"wp:featuredmedia":[{"embeddable":true,"href":"https:\/\/cdnoticias.com\/index.php\/wp-json\/wp\/v2\/media\/19334"}],"wp:attachment":[{"href":"https:\/\/cdnoticias.com\/index.php\/wp-json\/wp\/v2\/media?parent=19981"}],"wp:term":[{"taxonomy":"category","embeddable":true,"href":"https:\/\/cdnoticias.com\/index.php\/wp-json\/wp\/v2\/categories?post=19981"},{"taxonomy":"post_tag","embeddable":true,"href":"https:\/\/cdnoticias.com\/index.php\/wp-json\/wp\/v2\/tags?post=19981"}],"curies":[{"name":"wp","href":"https:\/\/api.w.org\/{rel}","templated":true}]}}