{"id":19975,"date":"2021-04-27T11:08:13","date_gmt":"2021-04-27T14:08:13","guid":{"rendered":"http:\/\/www.centraldenoticias.com.ar\/?p=19975"},"modified":"2021-04-27T11:08:13","modified_gmt":"2021-04-27T14:08:13","slug":"hilda-belo-viuda-de-savinell-la-negra-q-e-p-d","status":"publish","type":"post","link":"https:\/\/cdnoticias.com\/index.php\/2021\/04\/27\/hilda-belo-viuda-de-savinell-la-negra-q-e-p-d\/","title":{"rendered":"Hilda Belo viuda de Savinell &#8220;La Negra&#8221; (Q.E.P.D)"},"content":{"rendered":"<p>Falleci\u00f3 en Olavarr\u00eda el d\u00eda 27 de Abril de 2021 a los 87 a\u00f1os de edad. Sin velatorio. Responso:\u00a0Crematorio Pinos De Paz. Inhumaci\u00f3n: Crematorio Pinos De Paz. D\u00eda y hora a confirmar.<\/p>\n<p>Actividad que desarrollaba: Jubilada<\/p>\n","protected":false},"excerpt":{"rendered":"<p>Falleci\u00f3 en Olavarr\u00eda el d\u00eda 27 de Abril de 2021 a los 87 a\u00f1os de edad. Sin velatorio. Responso:\u00a0Crematorio Pinos<\/p>\n","protected":false},"author":6,"featured_media":0,"comment_status":"closed","ping_status":"closed","sticky":false,"template":"","format":"standard","meta":{"_jetpack_memberships_contains_paid_content":false,"footnotes":""},"categories":[10],"tags":[],"class_list":["post-19975","post","type-post","status-publish","format-standard","hentry","category-necrologicas"],"jetpack_featured_media_url":"","jetpack_sharing_enabled":true,"_links":{"self":[{"href":"https:\/\/cdnoticias.com\/index.php\/wp-json\/wp\/v2\/posts\/19975","targetHints":{"allow":["GET"]}}],"collection":[{"href":"https:\/\/cdnoticias.com\/index.php\/wp-json\/wp\/v2\/posts"}],"about":[{"href":"https:\/\/cdnoticias.com\/index.php\/wp-json\/wp\/v2\/types\/post"}],"author":[{"embeddable":true,"href":"https:\/\/cdnoticias.com\/index.php\/wp-json\/wp\/v2\/users\/6"}],"replies":[{"embeddable":true,"href":"https:\/\/cdnoticias.com\/index.php\/wp-json\/wp\/v2\/comments?post=19975"}],"version-history":[{"count":0,"href":"https:\/\/cdnoticias.com\/index.php\/wp-json\/wp\/v2\/posts\/19975\/revisions"}],"wp:attachment":[{"href":"https:\/\/cdnoticias.com\/index.php\/wp-json\/wp\/v2\/media?parent=19975"}],"wp:term":[{"taxonomy":"category","embeddable":true,"href":"https:\/\/cdnoticias.com\/index.php\/wp-json\/wp\/v2\/categories?post=19975"},{"taxonomy":"post_tag","embeddable":true,"href":"https:\/\/cdnoticias.com\/index.php\/wp-json\/wp\/v2\/tags?post=19975"}],"curies":[{"name":"wp","href":"https:\/\/api.w.org\/{rel}","templated":true}]}}