{"id":199672,"date":"2026-04-09T10:01:49","date_gmt":"2026-04-09T13:01:49","guid":{"rendered":"https:\/\/cdnoticias.com\/?p=199672"},"modified":"2026-04-09T10:01:51","modified_gmt":"2026-04-09T13:01:51","slug":"taller-de-compostaje-alrededor-de-40-personas-participaron-de-la-iniciativa","status":"publish","type":"post","link":"https:\/\/cdnoticias.com\/index.php\/2026\/04\/09\/taller-de-compostaje-alrededor-de-40-personas-participaron-de-la-iniciativa\/","title":{"rendered":"Taller de compostaje: alrededor de 40 personas participaron de la iniciativa\u00a0"},"content":{"rendered":"\n<p>La propuesta se enmarc\u00f3 en el denominado \u201cMes del Compostaje\u201d.&nbsp; Tras la capacitaci\u00f3n se realiz\u00f3 la entrega de composteras.<\/p>\n\n\n\n<hr class=\"wp-block-separator aligncenter has-alpha-channel-opacity\"\/>\n\n\n\n<p>En la tarde del \u00faltimo martes el sal\u00f3n auditorio del Museo de Ciencias \u201cIng. Rita Toniutti\u201d, ubicado en el Polo Educativo y Recreativo Municipal \u201cLa M\u00e1xima\u201d, se llev\u00f3 a cabo un <strong>nuevo taller de compostaje,<\/strong> propuesta brindada en conjunto entre la Coordinaci\u00f3n de Ambiente de la Secretar\u00eda de Desarrollo Econ\u00f3mico y Productivo y el Ministerio de Ambiente de la Provincia de Buenos Aires.\u00a0<\/p>\n\n\n\n<p><\/p>\n\n\n\n<p>La jornada cont\u00f3 con una importante convocatoria y <strong>tras la capacitaci\u00f3n se realiz\u00f3 la entrega de composteras.<\/strong> La actividad se inici\u00f3 minutos despu\u00e9s de las 17, encabezada por el secretario de Desarrollo Econ\u00f3mico y Productivo Pablo Di Uono y Sergio Magazzini, director de Comunidades Sustentables del Ministerio de Ambiente de la Provincia de Buenos Aires.<\/p>\n\n\n\n<p><\/p>\n\n\n\n<p>Estuvieron presentes, adem\u00e1s, el subsecretario de Empresas e Inversiones Bernardo Baldino, el coordinador del Polo Educativo Recreativo Municipal \u201cLa M\u00e1xima\u201d Hern\u00e1n Quiroga, la concejala Bel\u00e9n Abraham e integrantes tanto del equipo t\u00e9cnico tanto de la Coordinaci\u00f3n de Ambiente del Municipio como del Ministerio de Ambiente de la Provincia.<\/p>\n\n\n\n<p><\/p>\n\n\n\n<figure class=\"wp-block-image aligncenter size-full\"><img data-recalc-dims=\"1\" loading=\"lazy\" decoding=\"async\" width=\"800\" height=\"530\" src=\"https:\/\/i0.wp.com\/cdnoticias.com\/wp-content\/uploads\/2026\/04\/TALLERCOMPOSTAJE2.jpg?resize=800%2C530&#038;ssl=1\" alt=\"\" class=\"wp-image-199674\" srcset=\"https:\/\/i0.wp.com\/cdnoticias.com\/wp-content\/uploads\/2026\/04\/TALLERCOMPOSTAJE2.jpg?w=900&amp;ssl=1 900w, https:\/\/i0.wp.com\/cdnoticias.com\/wp-content\/uploads\/2026\/04\/TALLERCOMPOSTAJE2.jpg?resize=300%2C199&amp;ssl=1 300w, https:\/\/i0.wp.com\/cdnoticias.com\/wp-content\/uploads\/2026\/04\/TALLERCOMPOSTAJE2.jpg?resize=768%2C509&amp;ssl=1 768w\" sizes=\"auto, (max-width: 800px) 100vw, 800px\" \/><\/figure>\n\n\n\n<p><\/p>\n\n\n\n<blockquote class=\"wp-block-quote is-layout-flow wp-block-quote-is-layout-flow\">\n<p>Participaron alrededor de 40 personas, quienes accedieron a distintos conceptos y aprendizajes tanto te\u00f3ricos como pr\u00e1cticos para poder compostar en sus domicilios particulares. Se recuerda que el compostaje es una herramienta que permite reducir la cantidad de residuos y, a la par, generar un abono natural y rico en nutrientes para suelos y plantas.<\/p>\n<\/blockquote>\n\n\n\n<p><\/p>\n\n\n\n<p>Se trat\u00f3, adem\u00e1s, de una propuesta que <strong>se enmarc\u00f3 en el denominado \u201cMes del Compostaje<\/strong>\u201d, que pudo concretarse tras haber sido postergada d\u00edas atr\u00e1s debido a las condiciones clim\u00e1ticas adversas.<\/p>\n\n\n\n<p><\/p>\n\n\n\n<p>De esta manera, el Municipio contin\u00faa con el despliegue de actividades que promocionan la incorporaci\u00f3n de pr\u00e1cticas amigables con el ambiente, tal como lo viene realizando con el programa de entrega de semillas o talleres de huerta, como as\u00ed tambi\u00e9n en materia de gesti\u00f3n integral de residuos.<\/p>\n\n\n\n<p><\/p>\n","protected":false},"excerpt":{"rendered":"<p>La propuesta se enmarc\u00f3 en el denominado \u201cMes del Compostaje\u201d.&nbsp; Tras la capacitaci\u00f3n se realiz\u00f3 la entrega de composteras. En<\/p>\n","protected":false},"author":6,"featured_media":199675,"comment_status":"closed","ping_status":"closed","sticky":false,"template":"","format":"standard","meta":{"_jetpack_memberships_contains_paid_content":false,"footnotes":""},"categories":[5,1],"tags":[],"class_list":["post-199672","post","type-post","status-publish","format-standard","has-post-thumbnail","hentry","category-informacion-general","category-portada"],"jetpack_featured_media_url":"https:\/\/i0.wp.com\/cdnoticias.com\/wp-content\/uploads\/2026\/04\/TALLERCOMPOSTAJE1.jpg?fit=900%2C599&ssl=1","jetpack_sharing_enabled":true,"_links":{"self":[{"href":"https:\/\/cdnoticias.com\/index.php\/wp-json\/wp\/v2\/posts\/199672","targetHints":{"allow":["GET"]}}],"collection":[{"href":"https:\/\/cdnoticias.com\/index.php\/wp-json\/wp\/v2\/posts"}],"about":[{"href":"https:\/\/cdnoticias.com\/index.php\/wp-json\/wp\/v2\/types\/post"}],"author":[{"embeddable":true,"href":"https:\/\/cdnoticias.com\/index.php\/wp-json\/wp\/v2\/users\/6"}],"replies":[{"embeddable":true,"href":"https:\/\/cdnoticias.com\/index.php\/wp-json\/wp\/v2\/comments?post=199672"}],"version-history":[{"count":0,"href":"https:\/\/cdnoticias.com\/index.php\/wp-json\/wp\/v2\/posts\/199672\/revisions"}],"wp:featuredmedia":[{"embeddable":true,"href":"https:\/\/cdnoticias.com\/index.php\/wp-json\/wp\/v2\/media\/199675"}],"wp:attachment":[{"href":"https:\/\/cdnoticias.com\/index.php\/wp-json\/wp\/v2\/media?parent=199672"}],"wp:term":[{"taxonomy":"category","embeddable":true,"href":"https:\/\/cdnoticias.com\/index.php\/wp-json\/wp\/v2\/categories?post=199672"},{"taxonomy":"post_tag","embeddable":true,"href":"https:\/\/cdnoticias.com\/index.php\/wp-json\/wp\/v2\/tags?post=199672"}],"curies":[{"name":"wp","href":"https:\/\/api.w.org\/{rel}","templated":true}]}}