{"id":199638,"date":"2026-04-08T10:45:53","date_gmt":"2026-04-08T13:45:53","guid":{"rendered":"https:\/\/cdnoticias.com\/?p=199638"},"modified":"2026-04-08T12:22:03","modified_gmt":"2026-04-08T15:22:03","slug":"estudiantes-renovo-autoridades-y-falabella-asumira-como-nuevo-presidente","status":"publish","type":"post","link":"https:\/\/cdnoticias.com\/index.php\/2026\/04\/08\/estudiantes-renovo-autoridades-y-falabella-asumira-como-nuevo-presidente\/","title":{"rendered":"Estudiantes renov\u00f3 autoridades y Falabella asumir\u00e1 como nuevo presidente"},"content":{"rendered":"\n<p>La Asamblea de socios aprob\u00f3 la Memoria y Balance 2025 y proclam\u00f3 a la lista \u201cPor siempre bataraz\u201d para conducir el club hasta 2028.<\/p>\n\n\n\n<hr class=\"wp-block-separator has-alpha-channel-opacity\"\/>\n\n\n\n<p><\/p>\n\n\n\n<p><em>Prensa CAE<\/em><\/p>\n\n\n\n<p><\/p>\n\n\n\n<p>El <strong>Club Atl\u00e9tico Estudiantes<\/strong> llev\u00f3 a cabo este martes por la tarde-noche su <strong>Asamblea Anual Ordinaria<\/strong>, en la que se aprobaron los principales puntos del orden del d\u00eda y se defini\u00f3 la renovaci\u00f3n de autoridades para el per\u00edodo 2026\u20132028.<\/p>\n\n\n\n<p><\/p>\n\n\n\n<p>La jornada fue encabezada por el presidente saliente Juan Emilio Incaurgarat, junto al tesorero Carlos Blando y el contador Adelqui Acosta, quienes estuvieron a cargo de la presentaci\u00f3n de la<strong> Memoria y Balance correspondiente al ejercicio 2025<\/strong>, finalmente aprobada por los socios presentes.<\/p>\n\n\n\n<p><\/p>\n\n\n\n<p>En el marco de la Asamblea tambi\u00e9n se formaliz\u00f3 la elecci\u00f3n de la nueva conducci\u00f3n institucional.<strong> Se present\u00f3 una \u00fanica lista, denominada \u201cPor siempre bataraz\u201d, encabezada por Juan Manuel Falabella como presidente, acompa\u00f1ado por Flavia Marina Rivera como vicepresidenta primera y Pablo Emilio Tricerri como vicepresidente segundo.<\/strong><\/p>\n\n\n\n<p><\/p>\n\n\n\n<p>La lista fue<strong> validada por la Asamblea<\/strong>, por lo que<strong> Falabella asumir\u00e1 desde este mi\u00e9rcoles al frente de la instituci\u00f3n, sucediendo a Incaurgarat en el cargo.<\/strong><\/p>\n\n\n\n<p><\/p>\n\n\n\n<blockquote class=\"wp-block-quote is-layout-flow wp-block-quote-is-layout-flow\">\n<p>La nueva conducci\u00f3n se plantea como una <strong>continuidad del modelo de gesti\u00f3n desarrollado en los \u00faltimos a\u00f1os<\/strong>, con representaci\u00f3n de las distintas disciplinas del club dentro de la Comisi\u00f3n Directiva y una apuesta a consolidar el crecimiento institucional.<\/p>\n<\/blockquote>\n\n\n\n<p><\/p>\n\n\n\n<p>Tras su designaci\u00f3n, Falabella expres\u00f3 su v\u00ednculo hist\u00f3rico con la entidad y su compromiso con esta nueva etapa: <strong>\u201cMi recorrido en el club viene desde chico, toda la vida. Vine a hacer deporte y soy un amante del club. Para m\u00ed es el lugar ideal donde los chicos tienen que desarrollarse, cuidarse y formar su personalidad\u201d.<\/strong><\/p>\n\n\n\n<p><\/p>\n\n\n\n<p>El flamante presidente explic\u00f3 que su participaci\u00f3n en la vida dirigencial comenz\u00f3 por iniciativa propia y<strong> con la intenci\u00f3n de devolverle al club lo recibido<\/strong>. \u201cSent\u00eda que ten\u00eda tiempo para ayudar y que volcarlo en el club era lo ideal\u201d, sostuvo.<\/p>\n\n\n\n<p><\/p>\n\n\n\n<p>Asimismo, destac\u00f3 el <strong>trabajo colectivo<\/strong> realizado en la gesti\u00f3n anterior y anticip\u00f3 la continuidad del rumbo institucional. \u201cSiempre me sent\u00ed muy c\u00f3modo con la forma de gesti\u00f3n y con todos los miembros de comisi\u00f3n. Vamos a seguir adelante con el mismo lineamiento de gesti\u00f3n. El club crece, avanza y est\u00e1 lleno de chicos, que es lo m\u00e1s importante\u201d, afirm\u00f3.<\/p>\n\n\n\n<p><\/p>\n\n\n\n<blockquote class=\"wp-block-quote is-layout-flow wp-block-quote-is-layout-flow\">\n<p>Falabella tambi\u00e9n remarc\u00f3 la importancia de sumar nuevas generaciones a la vida dirigencial: \u201cEstamos abiertos a los j\u00f3venes que quieran colaborar, que traigan ideas y propuestas. La combinaci\u00f3n entre experiencia y juventud es lo que nos permite lograr los mejores resultados\u201d.<\/p>\n<\/blockquote>\n\n\n\n<p><\/p>\n\n\n\n<p>En ese sentido, asegur\u00f3 que buscar\u00e1 aportar su impronta dentro de un esquema consolidado: \u201cEsto es un cambio de nombre, pero la idea es<strong> continuar con la misma forma de gestionar el club, <\/strong>que est\u00e1 a la vista que viene dando resultados\u201d.<\/p>\n\n\n\n<p><\/p>\n\n\n\n<p>Finalmente, <strong>valor\u00f3 el acompa\u00f1amiento del presidente saliente en esta nueva etapa:<\/strong> \u201cPor suerte, Emilio nos sigue acompa\u00f1ando, y eso tambi\u00e9n es muy importante para esta etapa que comienza\u201d.<\/p>\n\n\n\n<p><\/p>\n","protected":false},"excerpt":{"rendered":"<p>La Asamblea de socios aprob\u00f3 la Memoria y Balance 2025 y proclam\u00f3 a la lista \u201cPor siempre bataraz\u201d para conducir<\/p>\n","protected":false},"author":5,"featured_media":199639,"comment_status":"closed","ping_status":"closed","sticky":false,"template":"","format":"standard","meta":{"_jetpack_memberships_contains_paid_content":false,"footnotes":""},"categories":[29,1],"tags":[],"class_list":["post-199638","post","type-post","status-publish","format-standard","has-post-thumbnail","hentry","category-deportes","category-portada"],"jetpack_featured_media_url":"https:\/\/i0.wp.com\/cdnoticias.com\/wp-content\/uploads\/2026\/04\/falabella-juan-manuel.png?fit=800%2C445&ssl=1","jetpack_sharing_enabled":true,"_links":{"self":[{"href":"https:\/\/cdnoticias.com\/index.php\/wp-json\/wp\/v2\/posts\/199638","targetHints":{"allow":["GET"]}}],"collection":[{"href":"https:\/\/cdnoticias.com\/index.php\/wp-json\/wp\/v2\/posts"}],"about":[{"href":"https:\/\/cdnoticias.com\/index.php\/wp-json\/wp\/v2\/types\/post"}],"author":[{"embeddable":true,"href":"https:\/\/cdnoticias.com\/index.php\/wp-json\/wp\/v2\/users\/5"}],"replies":[{"embeddable":true,"href":"https:\/\/cdnoticias.com\/index.php\/wp-json\/wp\/v2\/comments?post=199638"}],"version-history":[{"count":0,"href":"https:\/\/cdnoticias.com\/index.php\/wp-json\/wp\/v2\/posts\/199638\/revisions"}],"wp:featuredmedia":[{"embeddable":true,"href":"https:\/\/cdnoticias.com\/index.php\/wp-json\/wp\/v2\/media\/199639"}],"wp:attachment":[{"href":"https:\/\/cdnoticias.com\/index.php\/wp-json\/wp\/v2\/media?parent=199638"}],"wp:term":[{"taxonomy":"category","embeddable":true,"href":"https:\/\/cdnoticias.com\/index.php\/wp-json\/wp\/v2\/categories?post=199638"},{"taxonomy":"post_tag","embeddable":true,"href":"https:\/\/cdnoticias.com\/index.php\/wp-json\/wp\/v2\/tags?post=199638"}],"curies":[{"name":"wp","href":"https:\/\/api.w.org\/{rel}","templated":true}]}}