{"id":199636,"date":"2026-04-08T09:39:17","date_gmt":"2026-04-08T12:39:17","guid":{"rendered":"https:\/\/cdnoticias.com\/?p=199636"},"modified":"2026-04-08T11:33:06","modified_gmt":"2026-04-08T14:33:06","slug":"aclaran-que-el-tren-a-bahia-blanca-podria-volver-pasando-por-olavarria","status":"publish","type":"post","link":"https:\/\/cdnoticias.com\/index.php\/2026\/04\/08\/aclaran-que-el-tren-a-bahia-blanca-podria-volver-pasando-por-olavarria\/","title":{"rendered":"Aclaran que el tren a Bah\u00eda Blanca podr\u00eda volver pasando por Olavarr\u00eda"},"content":{"rendered":"\n<p>Desde el sector ferroviario se\u00f1alaron que la alternativa en an\u00e1lisis contempla la v\u00eda por La Madrid. Buscan evitar interpretaciones err\u00f3neas sobre una posible exclusi\u00f3n de la ciudad.<\/p>\n\n\n\n<hr class=\"wp-block-separator has-alpha-channel-opacity\"\/>\n\n\n\n<p>Desde la <strong>Asociaci\u00f3n del Personal de Direcci\u00f3n de los Ferrocarriles Argentinos y Puertos (APDFA) seccional Bah\u00eda Blanca <\/strong>aclararon que el proyecto para reactivar el tren de pasajeros hacia esa ciudad<strong> no excluye a Olavarr\u00eda del recorrido.<\/strong><\/p>\n\n\n\n<p><\/p>\n\n\n\n<p>La precisi\u00f3n fue realizada por su secretario general, <strong>V\u00edctor Donnet,<\/strong> luego de <a href=\"https:\/\/cdnoticias.com\/index.php\/2026\/04\/04\/plantean-una-alternativa-para-recuperar-el-tren-de-bahia-blanca-a-buenos-aires-sin-pasar-por-olavarria\/\" data-type=\"link\" data-id=\"https:\/\/cdnoticias.com\/index.php\/2026\/04\/04\/plantean-una-alternativa-para-recuperar-el-tren-de-bahia-blanca-a-buenos-aires-sin-pasar-por-olavarria\/\">interpretaciones surgidas tras una publicaci\u00f3n reciente sobre la posibilidad de utilizar una traza alternativa.<\/a><\/p>\n\n\n\n<p><\/p>\n\n\n\n<blockquote class=\"wp-block-quote is-layout-flow wp-block-quote-is-layout-flow\">\n<p>\u201cQuiz\u00e1s se malinterpret\u00f3 lo que dije, pero tranquilamente el servicio puede pasar por Olavarr\u00eda, v\u00eda La Madrid. No es que en esta opci\u00f3n se excluya Olavarr\u00eda, porque el tren puede pasar sin problemas por all\u00ed\u201d, afirm\u00f3 el dirigente.<\/p>\n<\/blockquote>\n\n\n\n<p><\/p>\n\n\n\n<p>Seg\u00fan explic\u00f3, <strong>la alternativa en estudio propone aprovechar la v\u00eda que pasa por General La Madrid, actualmente utilizada por trenes de carga<\/strong>, lo que permitir\u00eda garantizar condiciones de circulaci\u00f3n.<\/p>\n\n\n\n<p><\/p>\n\n\n\n<p><strong>El planteo se da tras la interrupci\u00f3n del servicio, cuyo final se registr\u00f3 el 21 de marzo de 2023,<\/strong> luego de un descarrilamiento que involucr\u00f3 a una locomotora y varios coches con 247 pasajeros a bordo. El hecho se sum\u00f3 a otro episodio similar ocurrido un a\u00f1o antes, que dej\u00f3 una veintena de heridos.<\/p>\n\n\n\n<p><\/p>\n\n\n\n<p>En ese contexto, Donnet <strong>remarc\u00f3 la importancia de recuperar el tren para la ciudad.<\/strong> \u201cNo queremos que nuestra ciudad llegue al Bicentenario sin tren, algo que nos marc\u00f3 hist\u00f3ricamente. Seguiremos luchando para que Bah\u00eda tenga este servicio\u201d, expres\u00f3.<\/p>\n\n\n\n<p><\/p>\n\n\n\n<p><em>Fuente: La Nueva y Cambio 2000<\/em>.<\/p>\n\n\n\n<p><\/p>\n","protected":false},"excerpt":{"rendered":"<p>Desde el sector ferroviario se\u00f1alaron que la alternativa en an\u00e1lisis contempla la v\u00eda por La Madrid. Buscan evitar interpretaciones err\u00f3neas<\/p>\n","protected":false},"author":5,"featured_media":176939,"comment_status":"closed","ping_status":"closed","sticky":false,"template":"","format":"standard","meta":{"_jetpack_memberships_contains_paid_content":false,"footnotes":""},"categories":[5,1],"tags":[],"class_list":["post-199636","post","type-post","status-publish","format-standard","has-post-thumbnail","hentry","category-informacion-general","category-portada"],"jetpack_featured_media_url":"https:\/\/i0.wp.com\/cdnoticias.com\/wp-content\/uploads\/2025\/07\/tren-estacion-de-bahia-blanca.jpg?fit=1000%2C557&ssl=1","jetpack_sharing_enabled":true,"_links":{"self":[{"href":"https:\/\/cdnoticias.com\/index.php\/wp-json\/wp\/v2\/posts\/199636","targetHints":{"allow":["GET"]}}],"collection":[{"href":"https:\/\/cdnoticias.com\/index.php\/wp-json\/wp\/v2\/posts"}],"about":[{"href":"https:\/\/cdnoticias.com\/index.php\/wp-json\/wp\/v2\/types\/post"}],"author":[{"embeddable":true,"href":"https:\/\/cdnoticias.com\/index.php\/wp-json\/wp\/v2\/users\/5"}],"replies":[{"embeddable":true,"href":"https:\/\/cdnoticias.com\/index.php\/wp-json\/wp\/v2\/comments?post=199636"}],"version-history":[{"count":0,"href":"https:\/\/cdnoticias.com\/index.php\/wp-json\/wp\/v2\/posts\/199636\/revisions"}],"wp:featuredmedia":[{"embeddable":true,"href":"https:\/\/cdnoticias.com\/index.php\/wp-json\/wp\/v2\/media\/176939"}],"wp:attachment":[{"href":"https:\/\/cdnoticias.com\/index.php\/wp-json\/wp\/v2\/media?parent=199636"}],"wp:term":[{"taxonomy":"category","embeddable":true,"href":"https:\/\/cdnoticias.com\/index.php\/wp-json\/wp\/v2\/categories?post=199636"},{"taxonomy":"post_tag","embeddable":true,"href":"https:\/\/cdnoticias.com\/index.php\/wp-json\/wp\/v2\/tags?post=199636"}],"curies":[{"name":"wp","href":"https:\/\/api.w.org\/{rel}","templated":true}]}}