{"id":199630,"date":"2026-04-08T11:32:40","date_gmt":"2026-04-08T14:32:40","guid":{"rendered":"https:\/\/cdnoticias.com\/?p=199630"},"modified":"2026-04-08T16:00:36","modified_gmt":"2026-04-08T19:00:36","slug":"el-inta-avanza-con-el-cierre-de-14-agencias-y-profundiza-su-plan-de-ajuste","status":"publish","type":"post","link":"https:\/\/cdnoticias.com\/index.php\/2026\/04\/08\/el-inta-avanza-con-el-cierre-de-14-agencias-y-profundiza-su-plan-de-ajuste\/","title":{"rendered":"El INTA avanza con el cierre de 14 agencias y profundiza su plan de ajuste"},"content":{"rendered":"\n<p>La medida fue aprobada por el Consejo Directivo y afecta sedes en Buenos Aires y C\u00f3rdoba. El recorte ya alcanza la mitad del objetivo previsto.<\/p>\n\n\n\n<hr class=\"wp-block-separator has-alpha-channel-opacity\"\/>\n\n\n\n<p>El <strong>Instituto Nacional de Tecnolog\u00eda Agropecuaria (INTA)<\/strong> avanz\u00f3 con una nueva etapa de su plan de reestructuraci\u00f3n tras la aprobaci\u00f3n del <strong>cierre de 14 agencias de extensi\u00f3n rural en las provincias de Buenos Aires y C\u00f3rdoba. <\/strong>La decisi\u00f3n fue avalada por el Consejo Directivo del organismo y se enmarca en la estrategia impulsada por el Gobierno nacional.<\/p>\n\n\n\n<p><\/p>\n\n\n\n<p>La medida fue definida durante el \u00faltimo encuentro del \u00f3rgano de conducci\u00f3n, integrado por representantes del sector agropecuario, universidades y el Estado. En ese \u00e1mbito <strong>se resolvi\u00f3 eliminar distintas Agencias de Extensi\u00f3n Rural (AER) pertenecientes a los centros regionales Buenos Aires Norte, Buenos Aires Sur y C\u00f3rdoba,<\/strong> en l\u00ednea con lo previsto en el plan de ajuste.<\/p>\n\n\n\n<p><\/p>\n\n\n\n<p>En la regi\u00f3n<strong> Buenos Aires Norte <\/strong>dejar\u00e1n de operar las agencias de<strong> Vedia y Rojas.<\/strong> En tanto, en <strong>Buenos Aires Sur <\/strong>el recorte alcanza a nueve dependencias ubicadas en <strong>Laprida, General La Madrid, Benito Ju\u00e1rez, Lober\u00eda, Otamendi, Necochea, Balcarce, Mayor Buratovich y Saladillo.<\/strong> Por su parte, en <strong>C\u00f3rdoba<\/strong> se dispuso el cierre de las sedes de <strong>Oncativo, La Carlota y Ucacha.<\/strong><\/p>\n\n\n\n<p><\/p>\n\n\n\n<blockquote class=\"wp-block-quote is-layout-flow wp-block-quote-is-layout-flow\">\n<p>Con esta resoluci\u00f3n, <strong>el total de agencias eliminadas asciende a 24, si se suman los diez cierres previamente oficializados. <\/strong>Entre ellos se incluyen la agencia de S\u00e1enz Pe\u00f1a, en Chaco, y la disoluci\u00f3n del Centro Regional INTA AMBA, que contaba con nueve dependencias.<\/p>\n<\/blockquote>\n\n\n\n<p><\/p>\n\n\n\n<p>El recorte forma parte de la denominada <strong>\u201cpropuesta integral de Adecuaci\u00f3n y Fortalecimiento de los Recursos Humanos en INTA\u201d<\/strong>, que establece como meta reducir de 299 a 252 las agencias en todo el pa\u00eds, lo que implica la eliminaci\u00f3n de 48 sedes.<\/p>\n\n\n\n<p><\/p>\n\n\n\n<p>La reestructuraci\u00f3n es impulsada por la conducci\u00f3n del organismo, encabezada por Nicol\u00e1s Bronzovich, y responde a los lineamientos generales del Gobierno nacional. Entre los principales ejes del plan se encuentran la <strong>reducci\u00f3n de la presencia territorial, la venta de activos y la reorganizaci\u00f3n interna.<\/strong><\/p>\n\n\n\n<p><\/p>\n\n\n\n<p>En ese contexto,<strong> tambi\u00e9n se contempla la venta de m\u00e1s de 42.000 hect\u00e1reas de campos experimentales,<\/strong> la unificaci\u00f3n de centros regionales y la eliminaci\u00f3n de l\u00edneas de trabajo. Parte de este proceso ya comenz\u00f3 con la disoluci\u00f3n del Centro Regional INTA AMBA, una de las estructuras m\u00e1s relevantes del organismo.<\/p>\n\n\n\n<p><\/p>\n\n\n\n<p>El avance del ajuste se produce tras un 2025 marcado por tensiones en torno a la reforma del INTA, que encontr\u00f3 resistencias tanto en el Congreso como en la Justicia. No obstante, recientes cambios en la composici\u00f3n del Consejo Directivo permitieron destrabar decisiones que hasta el momento no hab\u00edan logrado consenso.<\/p>\n\n\n\n<p><\/p>\n\n\n\n<p><em>Fuente: Agencia DIB.<\/em><\/p>\n","protected":false},"excerpt":{"rendered":"<p>La medida fue aprobada por el Consejo Directivo y afecta sedes en Buenos Aires y C\u00f3rdoba. El recorte ya alcanza<\/p>\n","protected":false},"author":5,"featured_media":173768,"comment_status":"closed","ping_status":"closed","sticky":false,"template":"","format":"standard","meta":{"_jetpack_memberships_contains_paid_content":false,"footnotes":""},"categories":[6,1],"tags":[],"class_list":["post-199630","post","type-post","status-publish","format-standard","has-post-thumbnail","hentry","category-nacionales","category-portada"],"jetpack_featured_media_url":"https:\/\/i0.wp.com\/cdnoticias.com\/wp-content\/uploads\/2025\/06\/inta.jpg?fit=900%2C600&ssl=1","jetpack_sharing_enabled":true,"_links":{"self":[{"href":"https:\/\/cdnoticias.com\/index.php\/wp-json\/wp\/v2\/posts\/199630","targetHints":{"allow":["GET"]}}],"collection":[{"href":"https:\/\/cdnoticias.com\/index.php\/wp-json\/wp\/v2\/posts"}],"about":[{"href":"https:\/\/cdnoticias.com\/index.php\/wp-json\/wp\/v2\/types\/post"}],"author":[{"embeddable":true,"href":"https:\/\/cdnoticias.com\/index.php\/wp-json\/wp\/v2\/users\/5"}],"replies":[{"embeddable":true,"href":"https:\/\/cdnoticias.com\/index.php\/wp-json\/wp\/v2\/comments?post=199630"}],"version-history":[{"count":0,"href":"https:\/\/cdnoticias.com\/index.php\/wp-json\/wp\/v2\/posts\/199630\/revisions"}],"wp:featuredmedia":[{"embeddable":true,"href":"https:\/\/cdnoticias.com\/index.php\/wp-json\/wp\/v2\/media\/173768"}],"wp:attachment":[{"href":"https:\/\/cdnoticias.com\/index.php\/wp-json\/wp\/v2\/media?parent=199630"}],"wp:term":[{"taxonomy":"category","embeddable":true,"href":"https:\/\/cdnoticias.com\/index.php\/wp-json\/wp\/v2\/categories?post=199630"},{"taxonomy":"post_tag","embeddable":true,"href":"https:\/\/cdnoticias.com\/index.php\/wp-json\/wp\/v2\/tags?post=199630"}],"curies":[{"name":"wp","href":"https:\/\/api.w.org\/{rel}","templated":true}]}}