{"id":199574,"date":"2026-04-07T14:00:35","date_gmt":"2026-04-07T17:00:35","guid":{"rendered":"https:\/\/cdnoticias.com\/?p=199574"},"modified":"2026-04-07T16:31:35","modified_gmt":"2026-04-07T19:31:35","slug":"la-mesa-agropecuaria-ira-al-hcd-para-pedir-por-la-comision-de-infraestructura-rural","status":"publish","type":"post","link":"https:\/\/cdnoticias.com\/index.php\/2026\/04\/07\/la-mesa-agropecuaria-ira-al-hcd-para-pedir-por-la-comision-de-infraestructura-rural\/","title":{"rendered":"La Mesa Agropecuaria ir\u00e1 al HCD para pedir por la \u201cComisi\u00f3n de Infraestructura Rural\u201d"},"content":{"rendered":"<p>El estado de la traza vial y la circulaci\u00f3n tras las \u00faltimas lluvias. Pedido por la aplicaci\u00f3n de la ordenanza 4213\/17. La posibilidad de recurrir a la justicia por la Tasa por Servicio Generales Rurales.<!--more--><\/p>\n<hr \/>\n<p>\u00a0<\/p>\n\n\n<p><strong><em>Por Generaci\u00f3n Campo \/<\/em><\/strong><\/p>\n\n\n\n<p><\/p>\n\n\n\n<p>Este martes a las 8 horas <strong>se reuni\u00f3 la Mesa Agropecuaria de Olavarr\u00eda<\/strong> en instalaciones de la Cooperativa Agraria. Entre los temas planteados se adelant\u00f3 <strong>una presentaci\u00f3n en el HCD<\/strong> y se habl\u00f3 de la posibilidad de<strong> recurrir a la justicia<\/strong> por la Tasa por Servicio Generales Rurales.<\/p>\n\n\n\n<p><\/p>\n\n\n\n<p>Se retomaron los puntos de las<strong> \u00faltimas reuniones respecto al estado de la traza vial y las precipitaciones <\/strong>recientes que afectaron la circulaci\u00f3n dejando los<strong> caminos intransitables <\/strong>y en consecuencia <strong>puntos de la ruralidad aislados<\/strong>.<\/p>\n\n\n\n<p><\/p>\n\n\n\n<blockquote class=\"wp-block-quote is-layout-flow wp-block-quote-is-layout-flow\">\n<p>En este contexto se tom\u00f3 como primera medida, ingresar al Concejo Deliberante un proyecto de resoluci\u00f3n solicitando la aplicaci\u00f3n de la Ordenanza Municipal N\u00b0 4213\/17 y su modificaci\u00f3n. La misma establece la conformaci\u00f3n y funcionamiento de la \u201cComisi\u00f3n de Infraestructura Rural\u201d.<\/p>\n<\/blockquote>\n\n\n\n<p><\/p>\n\n\n\n<figure class=\"wp-block-image size-full\"><img data-recalc-dims=\"1\" loading=\"lazy\" decoding=\"async\" width=\"800\" height=\"445\" src=\"https:\/\/i0.wp.com\/cdnoticias.com\/wp-content\/uploads\/2026\/04\/mesa-agropecuaria-abril-2026-00.jpg?resize=800%2C445&#038;ssl=1\" alt=\"\" class=\"wp-image-199575\" srcset=\"https:\/\/i0.wp.com\/cdnoticias.com\/wp-content\/uploads\/2026\/04\/mesa-agropecuaria-abril-2026-00.jpg?w=963&amp;ssl=1 963w, https:\/\/i0.wp.com\/cdnoticias.com\/wp-content\/uploads\/2026\/04\/mesa-agropecuaria-abril-2026-00.jpg?resize=300%2C167&amp;ssl=1 300w, https:\/\/i0.wp.com\/cdnoticias.com\/wp-content\/uploads\/2026\/04\/mesa-agropecuaria-abril-2026-00.jpg?resize=768%2C427&amp;ssl=1 768w, https:\/\/i0.wp.com\/cdnoticias.com\/wp-content\/uploads\/2026\/04\/mesa-agropecuaria-abril-2026-00.jpg?resize=800%2C445&amp;ssl=1 800w\" sizes=\"auto, (max-width: 800px) 100vw, 800px\" \/><\/figure>\n\n\n\n<p><\/p>\n\n\n\n<blockquote class=\"wp-block-quote is-layout-flow wp-block-quote-is-layout-flow\">\n<p>Adem\u00e1s, se evalu\u00f3 la posibilidad de avanzar -a pedido de productores damnificados de la zona- por la v\u00eda judicial por la falta de contraprestaci\u00f3n del servicio frente al pago de la Tasa por Servicio Generales Rurales.<\/p>\n<\/blockquote>\n\n\n\n<p><\/p>\n\n\n\n<p>Al cierre del encuentro se realiz\u00f3<strong> un repaso sobre temas de inter\u00e9s de la ruralidad <\/strong>y se acord\u00f3 un pr\u00f3ximo encuentro a la brevedad para dar seguimiento a la situaci\u00f3n.<\/p>\n\n\n\n<p><\/p>\n\n\n\n<p>Participaron de la reuni\u00f3n <strong>representantes <\/strong>de las Instituciones que integran la Mesa: <strong>Centro de Apicultores, Cooperativa Agropecuaria, Mujeres Rurales en Red, Circulo de Veterinarios, Sociedad Rural, Asociaci\u00f3n Ingenieros Agr\u00f3nomos y Cooperativa Agraria<\/strong>.<\/p>\n\n\n\n<p><\/p>\n","protected":false},"excerpt":{"rendered":"<p>El estado de la traza vial y la circulaci\u00f3n tras las \u00faltimas lluvias. Pedido por la aplicaci\u00f3n de la ordenanza<\/p>\n","protected":false},"author":4,"featured_media":199576,"comment_status":"closed","ping_status":"closed","sticky":false,"template":"","format":"standard","meta":{"_jetpack_memberships_contains_paid_content":false,"footnotes":""},"categories":[5,1],"tags":[],"class_list":["post-199574","post","type-post","status-publish","format-standard","has-post-thumbnail","hentry","category-informacion-general","category-portada"],"jetpack_featured_media_url":"https:\/\/i0.wp.com\/cdnoticias.com\/wp-content\/uploads\/2026\/04\/mesa-agropecuaria-abril-2026-01.jpg?fit=963%2C536&ssl=1","jetpack_sharing_enabled":true,"_links":{"self":[{"href":"https:\/\/cdnoticias.com\/index.php\/wp-json\/wp\/v2\/posts\/199574","targetHints":{"allow":["GET"]}}],"collection":[{"href":"https:\/\/cdnoticias.com\/index.php\/wp-json\/wp\/v2\/posts"}],"about":[{"href":"https:\/\/cdnoticias.com\/index.php\/wp-json\/wp\/v2\/types\/post"}],"author":[{"embeddable":true,"href":"https:\/\/cdnoticias.com\/index.php\/wp-json\/wp\/v2\/users\/4"}],"replies":[{"embeddable":true,"href":"https:\/\/cdnoticias.com\/index.php\/wp-json\/wp\/v2\/comments?post=199574"}],"version-history":[{"count":0,"href":"https:\/\/cdnoticias.com\/index.php\/wp-json\/wp\/v2\/posts\/199574\/revisions"}],"wp:featuredmedia":[{"embeddable":true,"href":"https:\/\/cdnoticias.com\/index.php\/wp-json\/wp\/v2\/media\/199576"}],"wp:attachment":[{"href":"https:\/\/cdnoticias.com\/index.php\/wp-json\/wp\/v2\/media?parent=199574"}],"wp:term":[{"taxonomy":"category","embeddable":true,"href":"https:\/\/cdnoticias.com\/index.php\/wp-json\/wp\/v2\/categories?post=199574"},{"taxonomy":"post_tag","embeddable":true,"href":"https:\/\/cdnoticias.com\/index.php\/wp-json\/wp\/v2\/tags?post=199574"}],"curies":[{"name":"wp","href":"https:\/\/api.w.org\/{rel}","templated":true}]}}