{"id":1995,"date":"2020-09-21T08:56:23","date_gmt":"2020-09-21T11:56:23","guid":{"rendered":"http:\/\/www.centraldenoticias.com.ar\/?p=1995"},"modified":"2020-09-21T10:57:39","modified_gmt":"2020-09-21T13:57:39","slug":"una-mujer-y-sus-hijos-sobreviven-en-un-galpon-abandonado-de-una-escuela","status":"publish","type":"post","link":"https:\/\/cdnoticias.com\/index.php\/2020\/09\/21\/una-mujer-y-sus-hijos-sobreviven-en-un-galpon-abandonado-de-una-escuela\/","title":{"rendered":"Una mujer y sus hijos \u201csobreviven\u201d en un galp\u00f3n abandonado de una escuela"},"content":{"rendered":"<p>As\u00ed lo denunci\u00f3 p\u00fablicamente la concejal Alicia Almada, del Frente de Todos. \u201cDamos verg\u00fcenza ajena la dirigencia pol\u00edtica\u201d dijo con dureza y pidi\u00f3 no dar \u201cm\u00e1s discursos de violencia de g\u00e9nero y pol\u00edticas con perspectiva de g\u00e9nero\u201d mientras no se le brinde una soluci\u00f3n. La Mesa de Emergencia y movimientos sociales realizaron ayudas \u201cque no alcanzan\u201d.<!--more--><\/p>\n<hr \/>\n<p><strong><em>\u201cEsta madre y los ni\u00f1os sobreviven en un gal\u00f3n abandonado de la Escuela de Ense\u00f1anza T\u00e9cnica N\u00b0 2 (EET N\u00b0 2)\u201d<\/em><\/strong> escribi\u00f3, en redes sociales, la concejal del Frente de Todos Alicia Almada. Denunci\u00f3 una aguda situaci\u00f3n que vive una familia y, m\u00e1s all\u00e1 de las ayudas de organizaciones sociales, el hecho es grave.<\/p>\n<p>&nbsp;<\/p>\n<p><img data-recalc-dims=\"1\" loading=\"lazy\" decoding=\"async\" class=\"alignnone size-full wp-image-1996\" src=\"https:\/\/i0.wp.com\/cdnoticias.com\/wp-content\/uploads\/2020\/09\/ayuda1.jpg?resize=576%2C456&#038;ssl=1\" alt=\"\" width=\"576\" height=\"456\" srcset=\"https:\/\/i0.wp.com\/cdnoticias.com\/wp-content\/uploads\/2020\/09\/ayuda1.jpg?w=576&amp;ssl=1 576w, https:\/\/i0.wp.com\/cdnoticias.com\/wp-content\/uploads\/2020\/09\/ayuda1.jpg?resize=300%2C238&amp;ssl=1 300w\" sizes=\"auto, (max-width: 576px) 100vw, 576px\" \/><\/p>\n<p>&nbsp;<\/p>\n<p>Tanto, que<strong> la propia concejal ensay\u00f3 una autocr\u00edtica y dijo que la dirigencia pol\u00edtica <em>\u201cdamos verg\u00fcenza\u201d.<\/em><\/strong><\/p>\n<p>&nbsp;<\/p>\n<p>A su vez, pidi\u00f3<em> \u201cno dar m\u00e1s discursos de violencia de g\u00e9nero y pol\u00edticas con perspectiva de g\u00e9nero mientras esta mujer permanezca sin techo y comida\u201d.<\/em><\/p>\n<p>&nbsp;<\/p>\n<p><img data-recalc-dims=\"1\" loading=\"lazy\" decoding=\"async\" class=\"alignnone size-full wp-image-1998\" src=\"https:\/\/i0.wp.com\/cdnoticias.com\/wp-content\/uploads\/2020\/09\/ayuda3.jpg?resize=576%2C552&#038;ssl=1\" alt=\"\" width=\"576\" height=\"552\" srcset=\"https:\/\/i0.wp.com\/cdnoticias.com\/wp-content\/uploads\/2020\/09\/ayuda3.jpg?w=576&amp;ssl=1 576w, https:\/\/i0.wp.com\/cdnoticias.com\/wp-content\/uploads\/2020\/09\/ayuda3.jpg?resize=300%2C288&amp;ssl=1 300w\" sizes=\"auto, (max-width: 576px) 100vw, 576px\" \/><\/p>\n<p>&nbsp;<\/p>\n<p>Entre los comentarios y las r\u00e9plicas por el hecho<strong> se valor\u00f3 la ayuda de organizaciones sociales como la Mesa de Emergencia que asistieron con alimentos y otros elementos a la familia pero, de todos modos, no alcanza para poder ayudar de la mejor manera a esta mujer y sus hijos<\/strong>. <em>\u201cNecesitar necesitan de todo, pero en las condiciones en las que est\u00e1n viviendo y por lo transitorio del lugar es de gusto llevar cosas hasta que no se solucione el problema habitacional\u201d<\/em> se\u00f1alaron.<\/p>\n","protected":false},"excerpt":{"rendered":"<p>As\u00ed lo denunci\u00f3 p\u00fablicamente la concejal Alicia Almada, del Frente de Todos. \u201cDamos verg\u00fcenza ajena la dirigencia pol\u00edtica\u201d dijo con<\/p>\n","protected":false},"author":2,"featured_media":1997,"comment_status":"closed","ping_status":"closed","sticky":false,"template":"","format":"standard","meta":{"_jetpack_memberships_contains_paid_content":false,"footnotes":""},"categories":[5,1],"tags":[],"class_list":["post-1995","post","type-post","status-publish","format-standard","has-post-thumbnail","hentry","category-informacion-general","category-portada"],"jetpack_featured_media_url":"https:\/\/i0.wp.com\/cdnoticias.com\/wp-content\/uploads\/2020\/09\/ayuda2.jpg?fit=576%2C392&ssl=1","jetpack_sharing_enabled":true,"_links":{"self":[{"href":"https:\/\/cdnoticias.com\/index.php\/wp-json\/wp\/v2\/posts\/1995","targetHints":{"allow":["GET"]}}],"collection":[{"href":"https:\/\/cdnoticias.com\/index.php\/wp-json\/wp\/v2\/posts"}],"about":[{"href":"https:\/\/cdnoticias.com\/index.php\/wp-json\/wp\/v2\/types\/post"}],"author":[{"embeddable":true,"href":"https:\/\/cdnoticias.com\/index.php\/wp-json\/wp\/v2\/users\/2"}],"replies":[{"embeddable":true,"href":"https:\/\/cdnoticias.com\/index.php\/wp-json\/wp\/v2\/comments?post=1995"}],"version-history":[{"count":0,"href":"https:\/\/cdnoticias.com\/index.php\/wp-json\/wp\/v2\/posts\/1995\/revisions"}],"wp:featuredmedia":[{"embeddable":true,"href":"https:\/\/cdnoticias.com\/index.php\/wp-json\/wp\/v2\/media\/1997"}],"wp:attachment":[{"href":"https:\/\/cdnoticias.com\/index.php\/wp-json\/wp\/v2\/media?parent=1995"}],"wp:term":[{"taxonomy":"category","embeddable":true,"href":"https:\/\/cdnoticias.com\/index.php\/wp-json\/wp\/v2\/categories?post=1995"},{"taxonomy":"post_tag","embeddable":true,"href":"https:\/\/cdnoticias.com\/index.php\/wp-json\/wp\/v2\/tags?post=1995"}],"curies":[{"name":"wp","href":"https:\/\/api.w.org\/{rel}","templated":true}]}}