{"id":19949,"date":"2021-04-26T20:09:49","date_gmt":"2021-04-26T23:09:49","guid":{"rendered":"http:\/\/www.centraldenoticias.com.ar\/?p=19949"},"modified":"2021-04-26T20:09:49","modified_gmt":"2021-04-26T23:09:49","slug":"curso-de-iniciacion-profesional-del-colegio-de-abogados-departamental","status":"publish","type":"post","link":"https:\/\/cdnoticias.com\/index.php\/2021\/04\/26\/curso-de-iniciacion-profesional-del-colegio-de-abogados-departamental\/","title":{"rendered":"Curso de Iniciaci\u00f3n Profesional del Colegio de Abogados Departamental"},"content":{"rendered":"<p>\u201cAcercamos herramientas para el quehacer profesional cotidiano\u201d, se enfatiz\u00f3 en el marco de las jornadas que se iniciaron este mes.<!--more--><\/p>\n<hr \/>\n<p>La comisi\u00f3n Abogac\u00eda Joven del Colegio de Abogados del Departamento Judicial de Azul est\u00e1 realizando, nuevamente, <strong>el curso de Iniciaci\u00f3n Profesional, dirigido a estudiantes avanzados de la carrera de abogac\u00eda y a nuevas abogadas y abogados matriculados<\/strong>.<\/p>\n<p>&nbsp;<\/p>\n<p>Florencia Ciavola, una de las integrantes de la comisi\u00f3n, subraya que \u201cla idea de reiterar el curso estuvo fuera de discusi\u00f3n cuando en febrero dise\u00f1amos la agenda 2021. <strong>Hace dos a\u00f1os, surgi\u00f3 la idea de reeditar esta iniciativa y la respuesta en convocatoria fue tan contundente que dej\u00f3 de manifiesto la enorme necesidad que tienen los nuevos profesionales de contar con herramientas te\u00f3rico-pr\u00e1cticas para su quehacer cotidiano<\/strong>\u201d, anticipa la abogada de Bol\u00edvar.<\/p>\n<p>&nbsp;<\/p>\n<p><img data-recalc-dims=\"1\" loading=\"lazy\" decoding=\"async\" class=\"alignnone size-large wp-image-777\" src=\"https:\/\/i0.wp.com\/cdnoticias.com\/wp-content\/uploads\/2020\/09\/caa.jpg?resize=800%2C534&#038;ssl=1\" alt=\"\" width=\"800\" height=\"534\" srcset=\"https:\/\/i0.wp.com\/cdnoticias.com\/wp-content\/uploads\/2020\/09\/caa.jpg?resize=1024%2C683&amp;ssl=1 1024w, https:\/\/i0.wp.com\/cdnoticias.com\/wp-content\/uploads\/2020\/09\/caa.jpg?resize=300%2C200&amp;ssl=1 300w, https:\/\/i0.wp.com\/cdnoticias.com\/wp-content\/uploads\/2020\/09\/caa.jpg?resize=768%2C512&amp;ssl=1 768w, https:\/\/i0.wp.com\/cdnoticias.com\/wp-content\/uploads\/2020\/09\/caa.jpg?resize=272%2C182&amp;ssl=1 272w, https:\/\/i0.wp.com\/cdnoticias.com\/wp-content\/uploads\/2020\/09\/caa.jpg?w=1280&amp;ssl=1 1280w\" sizes=\"auto, (max-width: 800px) 100vw, 800px\" \/><\/p>\n<p>&nbsp;<\/p>\n<p><strong>El curso de Iniciaci\u00f3n Profesional tiene una duraci\u00f3n de 7 meses -dio comienzo a principios de abril- con una frecuencia de\u00a01 clase semanal<\/strong> (todos los mi\u00e9rcoles) pudiendo anotarse los interesados e interesadas en todas las propuestas (y obtener el certificado al final del curso) o s\u00f3lo en aquellos encuentros que sean de su inter\u00e9s.<\/p>\n<p>&nbsp;<\/p>\n<p>A diferencia de la primera edici\u00f3n que hab\u00eda realizado esta comisi\u00f3n,<strong> cada encuentro tiene una duraci\u00f3n de hora y media y se lleva a cabo a trav\u00e9s de la plataforma Zoom<\/strong>; en total, suman 30 propuestas diferentes, a cargo de reconocidos referentes de cada materia.<\/p>\n<p>&nbsp;<\/p>\n<p><img data-recalc-dims=\"1\" loading=\"lazy\" decoding=\"async\" class=\"alignnone size-large wp-image-775\" src=\"https:\/\/i0.wp.com\/cdnoticias.com\/wp-content\/uploads\/2020\/09\/Dr.-Gast%C3%B3n-Argeri-Pte.-CAA-1024x682.jpeg?resize=800%2C533&#038;ssl=1\" alt=\"\" width=\"800\" height=\"533\" srcset=\"https:\/\/i0.wp.com\/cdnoticias.com\/wp-content\/uploads\/2020\/09\/Dr.-Gast%C3%B3n-Argeri-Pte.-CAA.jpeg?resize=1024%2C682&amp;ssl=1 1024w, https:\/\/i0.wp.com\/cdnoticias.com\/wp-content\/uploads\/2020\/09\/Dr.-Gast%C3%B3n-Argeri-Pte.-CAA.jpeg?resize=300%2C200&amp;ssl=1 300w, https:\/\/i0.wp.com\/cdnoticias.com\/wp-content\/uploads\/2020\/09\/Dr.-Gast%C3%B3n-Argeri-Pte.-CAA.jpeg?resize=768%2C512&amp;ssl=1 768w, https:\/\/i0.wp.com\/cdnoticias.com\/wp-content\/uploads\/2020\/09\/Dr.-Gast%C3%B3n-Argeri-Pte.-CAA.jpeg?resize=272%2C182&amp;ssl=1 272w, https:\/\/i0.wp.com\/cdnoticias.com\/wp-content\/uploads\/2020\/09\/Dr.-Gast%C3%B3n-Argeri-Pte.-CAA.jpeg?w=1280&amp;ssl=1 1280w\" sizes=\"auto, (max-width: 800px) 100vw, 800px\" \/><\/p>\n<p>&nbsp;<\/p>\n<p>Gast\u00f3n Argeri encabeza la gesti\u00f3n que puso en marcha la comisi\u00f3n Abogac\u00eda Joven. Primero, con la convicci\u00f3n de la utilidad institucional de generar un espacio de encuentro y debate sobre inquietudes comunes al interior del Colegio. Luego, acompa\u00f1ando el dise\u00f1o de este curso donde se ponen en valor aspectos claves de la pr\u00e1ctica profesional, sobre todo en los comienzos. <strong>\u201cLas tem\u00e1ticas que se abordan en el curso de Iniciaci\u00f3n Profesional tienen relaci\u00f3n directa con las inquietudes habituales: normas de la colegiaci\u00f3n, notificaciones y presentaciones electr\u00f3nicas, sucesiones, medios alternativos a la resoluci\u00f3n de conflictos, demandas y contestaciones, medidas cautelares, recursos, honorarios profesionales y aspectos centrales de diversas ramas del Derecho\u201d<\/strong>, sostiene el presidente del Colegio de Abogados Departamental.<\/p>\n<p>&nbsp;<\/p>\n<p>\u201cLa necesidad de abordaje y ampliaci\u00f3n en estas tem\u00e1ticas qued\u00f3 en evidencia cuando hicimos el balance de la primera experiencia.<strong>\u00a0Durante 2019, mas de 30 j\u00f3venes profesionales de todo el Departamento Judicial, asistieron y finalizaron de manera presencial y virtual, a trav\u00e9s del sistema streaming, lo que igual\u00f3 la posibilidad para todos los matriculados y matriculadas<\/strong>, a\u00fan los que viven a mucha distancia de la cabecera en Azul, convirtiendo en hechos uno de los principios rectores de la gesti\u00f3n y la Comisi\u00f3n de Abogac\u00eda Joven: garantizar la cercan\u00eda real con el Colegio\u201d, subraya.<\/p>\n<p>&nbsp;<\/p>\n<p><em><strong>De la teor\u00eda a la pr\u00e1ctica<\/strong><\/em><\/p>\n<p>&nbsp;<\/p>\n<p>Roberto Baigorria preside la comisi\u00f3n de Abogac\u00eda Joven y coincide en la importancia vital de contar con acompa\u00f1amiento y recursos metodol\u00f3gicos en los primeros tramos de la pr\u00e1ctica profesional. <strong>\u201cExiste una serie de conocimientos que no se imparten durante el trayecto universitario y que se adquieren en la pr\u00e1ctica cotidiana de la abogac\u00eda<\/strong>. Por otra parte, hay que tener en cuenta que el Derecho es sumamente \u00a0din\u00e1mico por esa raz\u00f3n, la capacitaci\u00f3n permanente es uno de los objetivos principales de la actual gesti\u00f3n del CAA y lo es para nosotros tambi\u00e9n, como comisi\u00f3n y como profesionales comprometidos con un mejor ejercicio de la abogac\u00eda\u201d, sostiene.<\/p>\n<p>&nbsp;<\/p>\n<p>Al respecto, Ciavola agrega que <strong>\u201clas\u00a0leyes, normas, decretos locales, provinciales y nacionales van modific\u00e1ndose, de modo que probablemente lo que un joven abogado o abogada aprendi\u00f3 durante los a\u00f1os de Facultad se actualice o no est\u00e9 en vigencia en los mismos t\u00e9rminos, al momento de graduarse\u201d<\/strong>, reafirmando la importancia de la capacitaci\u00f3n cont\u00ednua. Si bien la pandemia afect\u00f3 a la abogac\u00eda en general, los j\u00f3venes se vieron particularmente damnificados en el acceso al trabajo cuando reci\u00e9n arrancaban. Esta situaci\u00f3n redobl\u00f3 el compromiso de Abogac\u00eda Joven: se fortalecieron las l\u00edneas de trabajo para sostener este primer tramo del ejercicio profesional, a\u00fan en estas circunstancias, con reuniones quincenales a trav\u00e9s de medios digitales. En esas reuniones se fueron volcando las inquietudes y problem\u00e1ticas de los distintos matriculados y matriculadas, elaborando Proyectos para tratar de encontrar algunas soluciones y respuestas.<\/p>\n<p>&nbsp;<\/p>\n<p><strong>La principal funci\u00f3n de la comisi\u00f3n durante este a\u00f1o tambi\u00e9n es apostar al fortalecimiento de cada integrante del grupo, y de los j\u00f3venes profesionales de todo el Departamento Judicial<\/strong>. La continuidad del curso de Iniciaci\u00f3n Profesional se inscribe en esa direcci\u00f3n y es una de las mayores apuestas del espacio que congrega a este sector.<\/p>\n","protected":false},"excerpt":{"rendered":"<p>\u201cAcercamos herramientas para el quehacer profesional cotidiano\u201d, se enfatiz\u00f3 en el marco de las jornadas que se iniciaron este mes.<\/p>\n","protected":false},"author":3,"featured_media":19950,"comment_status":"closed","ping_status":"closed","sticky":false,"template":"","format":"standard","meta":{"_jetpack_memberships_contains_paid_content":false,"footnotes":""},"categories":[5],"tags":[],"class_list":["post-19949","post","type-post","status-publish","format-standard","has-post-thumbnail","hentry","category-informacion-general"],"jetpack_featured_media_url":"https:\/\/i0.wp.com\/cdnoticias.com\/wp-content\/uploads\/2021\/04\/curso-de-iniciacion-profesional.jpg?fit=507%2C267&ssl=1","jetpack_sharing_enabled":true,"_links":{"self":[{"href":"https:\/\/cdnoticias.com\/index.php\/wp-json\/wp\/v2\/posts\/19949","targetHints":{"allow":["GET"]}}],"collection":[{"href":"https:\/\/cdnoticias.com\/index.php\/wp-json\/wp\/v2\/posts"}],"about":[{"href":"https:\/\/cdnoticias.com\/index.php\/wp-json\/wp\/v2\/types\/post"}],"author":[{"embeddable":true,"href":"https:\/\/cdnoticias.com\/index.php\/wp-json\/wp\/v2\/users\/3"}],"replies":[{"embeddable":true,"href":"https:\/\/cdnoticias.com\/index.php\/wp-json\/wp\/v2\/comments?post=19949"}],"version-history":[{"count":0,"href":"https:\/\/cdnoticias.com\/index.php\/wp-json\/wp\/v2\/posts\/19949\/revisions"}],"wp:featuredmedia":[{"embeddable":true,"href":"https:\/\/cdnoticias.com\/index.php\/wp-json\/wp\/v2\/media\/19950"}],"wp:attachment":[{"href":"https:\/\/cdnoticias.com\/index.php\/wp-json\/wp\/v2\/media?parent=19949"}],"wp:term":[{"taxonomy":"category","embeddable":true,"href":"https:\/\/cdnoticias.com\/index.php\/wp-json\/wp\/v2\/categories?post=19949"},{"taxonomy":"post_tag","embeddable":true,"href":"https:\/\/cdnoticias.com\/index.php\/wp-json\/wp\/v2\/tags?post=19949"}],"curies":[{"name":"wp","href":"https:\/\/api.w.org\/{rel}","templated":true}]}}