{"id":19932,"date":"2021-04-26T17:24:51","date_gmt":"2021-04-26T20:24:51","guid":{"rendered":"http:\/\/www.centraldenoticias.com.ar\/?p=19932"},"modified":"2021-04-26T17:24:51","modified_gmt":"2021-04-26T20:24:51","slug":"se-detectaron-mas-de-100-nuevos-casos-y-crecio-el-numero-de-pacientes-activos","status":"publish","type":"post","link":"https:\/\/cdnoticias.com\/index.php\/2021\/04\/26\/se-detectaron-mas-de-100-nuevos-casos-y-crecio-el-numero-de-pacientes-activos\/","title":{"rendered":"Se detectaron m\u00e1s de 100 nuevos casos y creci\u00f3 el n\u00famero de pacientes activos"},"content":{"rendered":"<p>Tras algunas jornadas a la baja, Olavarr\u00eda volvi\u00f3 a registrar m\u00e1s nuevos contagios que altas m\u00e9dicas.<!--more--><\/p>\n<hr \/>\n<p><a href=\"https:\/\/cdnoticias.com\/index.php\/2021\/04\/26\/en-las-ultimas-48-horas-murieron-seis-pacientes-con-covid19-en-olavarria\/\" target=\"_blank\" rel=\"noopener\">Adem\u00e1s del registro de 6 muertes de pacientes Covid19 en 48 horas<\/a>, Olavarr\u00eda registr\u00f3 m\u00e1s de un centenar de nuevos casos, una suma inclusive superior al registro de altas m\u00e9dicas, <strong>por lo que volvi\u00f3 a subir la cantidad de pacientes activos.<\/strong><\/p>\n<p>&nbsp;<\/p>\n<p><img data-recalc-dims=\"1\" loading=\"lazy\" decoding=\"async\" class=\"alignnone size-large wp-image-19930\" src=\"https:\/\/i0.wp.com\/cdnoticias.com\/wp-content\/uploads\/2021\/04\/WhatsApp-Image-2021-04-26-at-17.02.15.jpeg?resize=800%2C800&#038;ssl=1\" alt=\"\" width=\"800\" height=\"800\" srcset=\"https:\/\/i0.wp.com\/cdnoticias.com\/wp-content\/uploads\/2021\/04\/WhatsApp-Image-2021-04-26-at-17.02.15.jpeg?resize=1024%2C1024&amp;ssl=1 1024w, https:\/\/i0.wp.com\/cdnoticias.com\/wp-content\/uploads\/2021\/04\/WhatsApp-Image-2021-04-26-at-17.02.15.jpeg?resize=150%2C150&amp;ssl=1 150w, https:\/\/i0.wp.com\/cdnoticias.com\/wp-content\/uploads\/2021\/04\/WhatsApp-Image-2021-04-26-at-17.02.15.jpeg?resize=300%2C300&amp;ssl=1 300w, https:\/\/i0.wp.com\/cdnoticias.com\/wp-content\/uploads\/2021\/04\/WhatsApp-Image-2021-04-26-at-17.02.15.jpeg?resize=768%2C768&amp;ssl=1 768w, https:\/\/i0.wp.com\/cdnoticias.com\/wp-content\/uploads\/2021\/04\/WhatsApp-Image-2021-04-26-at-17.02.15.jpeg?w=1280&amp;ssl=1 1280w\" sizes=\"auto, (max-width: 800px) 100vw, 800px\" \/><\/p>\n<p>&nbsp;<\/p>\n<p>Desde el \u00e1rea de Salud Municipal se precis\u00f3 que,<strong> tras la realizaci\u00f3n de 341 testeos, fueron detectados 116 casos positivos<\/strong>. A la par, fueron 101 las personas consideradas curadas, por lo que<strong> la cifra de casos activos ascendi\u00f3 a 777, de los cuales el 86% tiene menos de 60 a\u00f1os.<\/strong><\/p>\n<p>&nbsp;<\/p>\n<p><img data-recalc-dims=\"1\" loading=\"lazy\" decoding=\"async\" class=\"alignnone size-large wp-image-19926\" src=\"https:\/\/i0.wp.com\/cdnoticias.com\/wp-content\/uploads\/2021\/04\/WhatsApp-Image-2021-04-26-at-17.02.13.jpeg?resize=800%2C800&#038;ssl=1\" alt=\"\" width=\"800\" height=\"800\" srcset=\"https:\/\/i0.wp.com\/cdnoticias.com\/wp-content\/uploads\/2021\/04\/WhatsApp-Image-2021-04-26-at-17.02.13.jpeg?resize=1024%2C1024&amp;ssl=1 1024w, https:\/\/i0.wp.com\/cdnoticias.com\/wp-content\/uploads\/2021\/04\/WhatsApp-Image-2021-04-26-at-17.02.13.jpeg?resize=150%2C150&amp;ssl=1 150w, https:\/\/i0.wp.com\/cdnoticias.com\/wp-content\/uploads\/2021\/04\/WhatsApp-Image-2021-04-26-at-17.02.13.jpeg?resize=300%2C300&amp;ssl=1 300w, https:\/\/i0.wp.com\/cdnoticias.com\/wp-content\/uploads\/2021\/04\/WhatsApp-Image-2021-04-26-at-17.02.13.jpeg?resize=768%2C768&amp;ssl=1 768w, https:\/\/i0.wp.com\/cdnoticias.com\/wp-content\/uploads\/2021\/04\/WhatsApp-Image-2021-04-26-at-17.02.13.jpeg?w=1280&amp;ssl=1 1280w\" sizes=\"auto, (max-width: 800px) 100vw, 800px\" \/><\/p>\n<p>&nbsp;<\/p>\n<p>De los nuevos contagios, se precis\u00f3 que <strong>34 corresponden al Programa RTA que se desarroll\u00f3 en el Paseo de la Salud<\/strong> y 3 al RTA Pedi\u00e1trico.<\/p>\n<p>&nbsp;<\/p>\n<p><img data-recalc-dims=\"1\" loading=\"lazy\" decoding=\"async\" class=\"alignnone size-large wp-image-19927\" src=\"https:\/\/i0.wp.com\/cdnoticias.com\/wp-content\/uploads\/2021\/04\/WhatsApp-Image-2021-04-26-at-17.02.14-1.jpeg?resize=800%2C800&#038;ssl=1\" alt=\"\" width=\"800\" height=\"800\" srcset=\"https:\/\/i0.wp.com\/cdnoticias.com\/wp-content\/uploads\/2021\/04\/WhatsApp-Image-2021-04-26-at-17.02.14-1.jpeg?resize=1024%2C1024&amp;ssl=1 1024w, https:\/\/i0.wp.com\/cdnoticias.com\/wp-content\/uploads\/2021\/04\/WhatsApp-Image-2021-04-26-at-17.02.14-1.jpeg?resize=150%2C150&amp;ssl=1 150w, https:\/\/i0.wp.com\/cdnoticias.com\/wp-content\/uploads\/2021\/04\/WhatsApp-Image-2021-04-26-at-17.02.14-1.jpeg?resize=300%2C300&amp;ssl=1 300w, https:\/\/i0.wp.com\/cdnoticias.com\/wp-content\/uploads\/2021\/04\/WhatsApp-Image-2021-04-26-at-17.02.14-1.jpeg?resize=768%2C767&amp;ssl=1 768w, https:\/\/i0.wp.com\/cdnoticias.com\/wp-content\/uploads\/2021\/04\/WhatsApp-Image-2021-04-26-at-17.02.14-1.jpeg?w=1280&amp;ssl=1 1280w\" sizes=\"auto, (max-width: 800px) 100vw, 800px\" \/><\/p>\n<p>&nbsp;<\/p>\n<p>Por \u00faltimo, sobre el estado actual del Hospital, se indic\u00f3 que <strong>hay quince pacientes en Unidad de Terapia Intensiva y cincuenta y ocho en Cuidados Generales, que sigue con una ocupaci\u00f3n del 100%.<\/strong><\/p>\n<p>&nbsp;<\/p>\n","protected":false},"excerpt":{"rendered":"<p>Tras algunas jornadas a la baja, Olavarr\u00eda volvi\u00f3 a registrar m\u00e1s nuevos contagios que altas m\u00e9dicas.<\/p>\n","protected":false},"author":3,"featured_media":17768,"comment_status":"closed","ping_status":"closed","sticky":false,"template":"","format":"standard","meta":{"_jetpack_memberships_contains_paid_content":false,"footnotes":""},"categories":[5,1],"tags":[],"class_list":["post-19932","post","type-post","status-publish","format-standard","has-post-thumbnail","hentry","category-informacion-general","category-portada"],"jetpack_featured_media_url":"https:\/\/i0.wp.com\/cdnoticias.com\/wp-content\/uploads\/2021\/04\/RTAPaseodelaSalud04.jpg?fit=800%2C445&ssl=1","jetpack_sharing_enabled":true,"_links":{"self":[{"href":"https:\/\/cdnoticias.com\/index.php\/wp-json\/wp\/v2\/posts\/19932","targetHints":{"allow":["GET"]}}],"collection":[{"href":"https:\/\/cdnoticias.com\/index.php\/wp-json\/wp\/v2\/posts"}],"about":[{"href":"https:\/\/cdnoticias.com\/index.php\/wp-json\/wp\/v2\/types\/post"}],"author":[{"embeddable":true,"href":"https:\/\/cdnoticias.com\/index.php\/wp-json\/wp\/v2\/users\/3"}],"replies":[{"embeddable":true,"href":"https:\/\/cdnoticias.com\/index.php\/wp-json\/wp\/v2\/comments?post=19932"}],"version-history":[{"count":0,"href":"https:\/\/cdnoticias.com\/index.php\/wp-json\/wp\/v2\/posts\/19932\/revisions"}],"wp:featuredmedia":[{"embeddable":true,"href":"https:\/\/cdnoticias.com\/index.php\/wp-json\/wp\/v2\/media\/17768"}],"wp:attachment":[{"href":"https:\/\/cdnoticias.com\/index.php\/wp-json\/wp\/v2\/media?parent=19932"}],"wp:term":[{"taxonomy":"category","embeddable":true,"href":"https:\/\/cdnoticias.com\/index.php\/wp-json\/wp\/v2\/categories?post=19932"},{"taxonomy":"post_tag","embeddable":true,"href":"https:\/\/cdnoticias.com\/index.php\/wp-json\/wp\/v2\/tags?post=19932"}],"curies":[{"name":"wp","href":"https:\/\/api.w.org\/{rel}","templated":true}]}}