{"id":199249,"date":"2026-04-04T09:32:31","date_gmt":"2026-04-04T12:32:31","guid":{"rendered":"https:\/\/cdnoticias.com\/?p=199249"},"modified":"2026-04-04T09:32:31","modified_gmt":"2026-04-04T12:32:31","slug":"este-sabado-torneo-de-atletismo-en-la-pista-municipal","status":"publish","type":"post","link":"https:\/\/cdnoticias.com\/index.php\/2026\/04\/04\/este-sabado-torneo-de-atletismo-en-la-pista-municipal\/","title":{"rendered":"Este s\u00e1bado, torneo de atletismo en la Pista Municipal"},"content":{"rendered":"\n<p>La actividad se iniciar\u00e1 a partir de las 10 horas y contemplar\u00e1 la realizaci\u00f3n de pruebas de pista y campo para todas las edades, desde los 3 hasta los 18 a\u00f1os.<\/p>\n\n\n\n<hr class=\"wp-block-separator aligncenter has-alpha-channel-opacity\"\/>\n\n\n\n<p>Este<strong> s\u00e1bado <\/strong>se realizar\u00e1 el<strong> \u201cTorneo Atl\u00e9tico de Oto\u00f1o Ciudad de Olavarr\u00eda<\/strong>\u201d en la <strong>Pista Municipal ubicada en el parque Avellaneda<\/strong>.<\/p>\n\n\n\n<p><\/p>\n\n\n\n<blockquote class=\"wp-block-quote is-layout-flow wp-block-quote-is-layout-flow\">\n<p>Se trata de una nueva jornada deportiva y recreativa impulsada desde la Subsecretar\u00eda de Deportes, con el objetivo de seguir ofreciendo propuestas que promueven la realizaci\u00f3n de pr\u00e1cticas saludables. Es organizada en conjunto con la Escuela de Atletismo del club El Fort\u00edn.<\/p>\n<\/blockquote>\n\n\n\n<p><\/p>\n\n\n\n<p>La actividad se iniciar\u00e1 <strong>a partir de las 10 horas<\/strong> y contemplar\u00e1 la realizaci\u00f3n de <strong>pruebas de pista y campo para todas las edades, desde los 3 hasta los 18 a\u00f1os.<\/strong> En la ocasi\u00f3n, adem\u00e1s de las competencias de fondo y velocidad, tanto individuales como colectivas, se llevar\u00e1n a cabo, por ejemplo, pruebas de salto y lanzamiento en los sectores que meses atr\u00e1s fueron reacondicionados desde la comuna para albergar este tipo de eventos.<\/p>\n","protected":false},"excerpt":{"rendered":"<p>La actividad se iniciar\u00e1 a partir de las 10 horas y contemplar\u00e1 la realizaci\u00f3n de pruebas de pista y campo<\/p>\n","protected":false},"author":6,"featured_media":161429,"comment_status":"closed","ping_status":"closed","sticky":false,"template":"","format":"standard","meta":{"_jetpack_memberships_contains_paid_content":false,"footnotes":""},"categories":[29,1],"tags":[],"class_list":["post-199249","post","type-post","status-publish","format-standard","has-post-thumbnail","hentry","category-deportes","category-portada"],"jetpack_featured_media_url":"https:\/\/i0.wp.com\/cdnoticias.com\/wp-content\/uploads\/2024\/06\/Deportes-Atletismo-Bonaerenses-2-scaled-1.jpg?fit=2560%2C1585&ssl=1","jetpack_sharing_enabled":true,"_links":{"self":[{"href":"https:\/\/cdnoticias.com\/index.php\/wp-json\/wp\/v2\/posts\/199249","targetHints":{"allow":["GET"]}}],"collection":[{"href":"https:\/\/cdnoticias.com\/index.php\/wp-json\/wp\/v2\/posts"}],"about":[{"href":"https:\/\/cdnoticias.com\/index.php\/wp-json\/wp\/v2\/types\/post"}],"author":[{"embeddable":true,"href":"https:\/\/cdnoticias.com\/index.php\/wp-json\/wp\/v2\/users\/6"}],"replies":[{"embeddable":true,"href":"https:\/\/cdnoticias.com\/index.php\/wp-json\/wp\/v2\/comments?post=199249"}],"version-history":[{"count":0,"href":"https:\/\/cdnoticias.com\/index.php\/wp-json\/wp\/v2\/posts\/199249\/revisions"}],"wp:featuredmedia":[{"embeddable":true,"href":"https:\/\/cdnoticias.com\/index.php\/wp-json\/wp\/v2\/media\/161429"}],"wp:attachment":[{"href":"https:\/\/cdnoticias.com\/index.php\/wp-json\/wp\/v2\/media?parent=199249"}],"wp:term":[{"taxonomy":"category","embeddable":true,"href":"https:\/\/cdnoticias.com\/index.php\/wp-json\/wp\/v2\/categories?post=199249"},{"taxonomy":"post_tag","embeddable":true,"href":"https:\/\/cdnoticias.com\/index.php\/wp-json\/wp\/v2\/tags?post=199249"}],"curies":[{"name":"wp","href":"https:\/\/api.w.org\/{rel}","templated":true}]}}