{"id":1989,"date":"2020-09-20T21:23:33","date_gmt":"2020-09-21T00:23:33","guid":{"rendered":"http:\/\/www.centraldenoticias.com.ar\/?p=1989"},"modified":"2020-09-21T08:59:26","modified_gmt":"2020-09-21T11:59:26","slug":"cierra-el-juzgado-de-faltas-por-un-caso-sospechoso-de-covid-19","status":"publish","type":"post","link":"https:\/\/cdnoticias.com\/index.php\/2020\/09\/20\/cierra-el-juzgado-de-faltas-por-un-caso-sospechoso-de-covid-19\/","title":{"rendered":"Cierra el Juzgado de Faltas por un caso sospechoso de COVID-19"},"content":{"rendered":"<p>As\u00ed lo dio a conocer el Municipio en la noche de este domingo. Quedar\u00e1n suspendidas las audiencias programadas hasta tanto se reprograme la atenci\u00f3n al p\u00fablico.<!--more--><\/p>\n<hr \/>\n<p>En la noche del domingo,<strong> el Municipio inform\u00f3 que desde este lunes y hasta nuevo aviso se cerrar\u00e1n las puertas del Juzgado de Faltas<\/strong> por un caso sospechoso de COVID-19.<\/p>\n<p>&nbsp;<\/p>\n<blockquote><p>Por ello, quedar\u00e1n suspendidas las audiencias programadas hasta tanto nuevamente retome la atenci\u00f3n al p\u00fablico.<\/p><\/blockquote>\n<p>&nbsp;<\/p>\n<p>Ser\u00e1n reprogramadas para una nueva fecha y <strong>los ciudadanos recibir\u00e1n una nueva citaci\u00f3n en sus domicilios.<\/strong><\/p>\n","protected":false},"excerpt":{"rendered":"<p>As\u00ed lo dio a conocer el Municipio en la noche de este domingo. Quedar\u00e1n suspendidas las audiencias programadas hasta tanto<\/p>\n","protected":false},"author":5,"featured_media":1990,"comment_status":"closed","ping_status":"closed","sticky":false,"template":"","format":"standard","meta":{"_jetpack_memberships_contains_paid_content":false,"footnotes":""},"categories":[5,1],"tags":[],"class_list":["post-1989","post","type-post","status-publish","format-standard","has-post-thumbnail","hentry","category-informacion-general","category-portada"],"jetpack_featured_media_url":"https:\/\/i0.wp.com\/cdnoticias.com\/wp-content\/uploads\/2020\/09\/JUZGADO.jpg?fit=712%2C542&ssl=1","jetpack_sharing_enabled":true,"_links":{"self":[{"href":"https:\/\/cdnoticias.com\/index.php\/wp-json\/wp\/v2\/posts\/1989","targetHints":{"allow":["GET"]}}],"collection":[{"href":"https:\/\/cdnoticias.com\/index.php\/wp-json\/wp\/v2\/posts"}],"about":[{"href":"https:\/\/cdnoticias.com\/index.php\/wp-json\/wp\/v2\/types\/post"}],"author":[{"embeddable":true,"href":"https:\/\/cdnoticias.com\/index.php\/wp-json\/wp\/v2\/users\/5"}],"replies":[{"embeddable":true,"href":"https:\/\/cdnoticias.com\/index.php\/wp-json\/wp\/v2\/comments?post=1989"}],"version-history":[{"count":0,"href":"https:\/\/cdnoticias.com\/index.php\/wp-json\/wp\/v2\/posts\/1989\/revisions"}],"wp:featuredmedia":[{"embeddable":true,"href":"https:\/\/cdnoticias.com\/index.php\/wp-json\/wp\/v2\/media\/1990"}],"wp:attachment":[{"href":"https:\/\/cdnoticias.com\/index.php\/wp-json\/wp\/v2\/media?parent=1989"}],"wp:term":[{"taxonomy":"category","embeddable":true,"href":"https:\/\/cdnoticias.com\/index.php\/wp-json\/wp\/v2\/categories?post=1989"},{"taxonomy":"post_tag","embeddable":true,"href":"https:\/\/cdnoticias.com\/index.php\/wp-json\/wp\/v2\/tags?post=1989"}],"curies":[{"name":"wp","href":"https:\/\/api.w.org\/{rel}","templated":true}]}}