{"id":198893,"date":"2026-03-30T21:25:39","date_gmt":"2026-03-31T00:25:39","guid":{"rendered":"https:\/\/cdnoticias.com\/?p=198893"},"modified":"2026-03-31T10:15:23","modified_gmt":"2026-03-31T13:15:23","slug":"incendio-en-una-habitacion-en-chiclana-al-3900","status":"publish","type":"post","link":"https:\/\/cdnoticias.com\/index.php\/2026\/03\/30\/incendio-en-una-habitacion-en-chiclana-al-3900\/","title":{"rendered":"Incendio en una habitaci\u00f3n en Chiclana al 3900"},"content":{"rendered":"\n<p>Atendieron a un hombre en el lugar. Se produjo en un cuarto donde se guardaban motores.<\/p>\n\n\n\n<hr class=\"wp-block-separator aligncenter has-alpha-channel-opacity\"\/>\n\n\n\n<p>Este lunes por la noche, <strong>una dotaci\u00f3n de Bomberos Voluntarios debi\u00f3 trabajar en un incendio en una habitaci\u00f3n de una vivienda ubicada en Chiclana al 3900 donde hubo importantes p\u00e9rdidas.<\/strong><\/p>\n\n\n\n<p>Seg\u00fan se logr\u00f3 saber, <strong>la Unidad 16 acudi\u00f3 al lugar de urgencia tras el llamado por un foco \u00edgneo desatado en una habitaci\u00f3n donde hab\u00eda motores, los que tuvieron p\u00e9rdidas totales.<\/strong><\/p>\n\n\n\n<figure class=\"wp-block-image size-full\"><img data-recalc-dims=\"1\" loading=\"lazy\" decoding=\"async\" width=\"800\" height=\"445\" src=\"https:\/\/i0.wp.com\/cdnoticias.com\/wp-content\/uploads\/2026\/03\/Diseno-sin-titulo-1.jpg?resize=800%2C445&#038;ssl=1\" alt=\"\" class=\"wp-image-198895\" srcset=\"https:\/\/i0.wp.com\/cdnoticias.com\/wp-content\/uploads\/2026\/03\/Diseno-sin-titulo-1.jpg?w=800&amp;ssl=1 800w, https:\/\/i0.wp.com\/cdnoticias.com\/wp-content\/uploads\/2026\/03\/Diseno-sin-titulo-1.jpg?resize=300%2C167&amp;ssl=1 300w, https:\/\/i0.wp.com\/cdnoticias.com\/wp-content\/uploads\/2026\/03\/Diseno-sin-titulo-1.jpg?resize=768%2C427&amp;ssl=1 768w\" sizes=\"auto, (max-width: 800px) 100vw, 800px\" \/><\/figure>\n\n\n\n<blockquote class=\"wp-block-quote is-layout-flow wp-block-quote-is-layout-flow\">\n<p>Por el hecho, un hombre debi\u00f3 ser asistido por personal del \u00e1rea de Salud Municipal en el lugar pero, vale decir, no debi\u00f3 ser trasladado al Hospital Municipal.<\/p>\n<\/blockquote>\n\n\n\n<figure class=\"wp-block-image size-full\"><img data-recalc-dims=\"1\" loading=\"lazy\" decoding=\"async\" width=\"800\" height=\"445\" src=\"https:\/\/i0.wp.com\/cdnoticias.com\/wp-content\/uploads\/2026\/03\/Diseno-sin-titulo-3.jpg?resize=800%2C445&#038;ssl=1\" alt=\"\" class=\"wp-image-198896\" srcset=\"https:\/\/i0.wp.com\/cdnoticias.com\/wp-content\/uploads\/2026\/03\/Diseno-sin-titulo-3.jpg?w=800&amp;ssl=1 800w, https:\/\/i0.wp.com\/cdnoticias.com\/wp-content\/uploads\/2026\/03\/Diseno-sin-titulo-3.jpg?resize=300%2C167&amp;ssl=1 300w, https:\/\/i0.wp.com\/cdnoticias.com\/wp-content\/uploads\/2026\/03\/Diseno-sin-titulo-3.jpg?resize=768%2C427&amp;ssl=1 768w\" sizes=\"auto, (max-width: 800px) 100vw, 800px\" \/><\/figure>\n\n\n\n<p>Personal de Comando de Patrullas, en paralelo, <strong>cortaron el tr\u00e1nsito en Arce y Chiclana hasta que liberaron el lugar tras controlar las llamas y realizar las tareas de prevenci\u00f3n de generaci\u00f3n de nuevos focos de incendio.<\/strong><\/p>\n","protected":false},"excerpt":{"rendered":"<p>Atendieron a un hombre en el lugar. Se produjo en un cuarto donde se guardaban motores. Este lunes por la<\/p>\n","protected":false},"author":2,"featured_media":198894,"comment_status":"closed","ping_status":"closed","sticky":false,"template":"","format":"standard","meta":{"_xspeed_no_cache":false,"_xspeed_expiry_hours":0,"_jetpack_memberships_contains_paid_content":false,"footnotes":""},"categories":[14,1],"tags":[],"class_list":["post-198893","post","type-post","status-publish","format-standard","has-post-thumbnail","hentry","category-policiales","category-portada"],"jetpack_featured_media_url":"https:\/\/i0.wp.com\/cdnoticias.com\/wp-content\/uploads\/2026\/03\/Diseno-sin-titulo-2.jpg?fit=800%2C445&ssl=1","jetpack_sharing_enabled":true,"_links":{"self":[{"href":"https:\/\/cdnoticias.com\/index.php\/wp-json\/wp\/v2\/posts\/198893","targetHints":{"allow":["GET"]}}],"collection":[{"href":"https:\/\/cdnoticias.com\/index.php\/wp-json\/wp\/v2\/posts"}],"about":[{"href":"https:\/\/cdnoticias.com\/index.php\/wp-json\/wp\/v2\/types\/post"}],"author":[{"embeddable":true,"href":"https:\/\/cdnoticias.com\/index.php\/wp-json\/wp\/v2\/users\/2"}],"replies":[{"embeddable":true,"href":"https:\/\/cdnoticias.com\/index.php\/wp-json\/wp\/v2\/comments?post=198893"}],"version-history":[{"count":0,"href":"https:\/\/cdnoticias.com\/index.php\/wp-json\/wp\/v2\/posts\/198893\/revisions"}],"wp:featuredmedia":[{"embeddable":true,"href":"https:\/\/cdnoticias.com\/index.php\/wp-json\/wp\/v2\/media\/198894"}],"wp:attachment":[{"href":"https:\/\/cdnoticias.com\/index.php\/wp-json\/wp\/v2\/media?parent=198893"}],"wp:term":[{"taxonomy":"category","embeddable":true,"href":"https:\/\/cdnoticias.com\/index.php\/wp-json\/wp\/v2\/categories?post=198893"},{"taxonomy":"post_tag","embeddable":true,"href":"https:\/\/cdnoticias.com\/index.php\/wp-json\/wp\/v2\/tags?post=198893"}],"curies":[{"name":"wp","href":"https:\/\/api.w.org\/{rel}","templated":true}]}}