{"id":19853,"date":"2021-04-26T08:34:13","date_gmt":"2021-04-26T11:34:13","guid":{"rendered":"http:\/\/www.centraldenoticias.com.ar\/?p=19853"},"modified":"2021-04-26T08:34:13","modified_gmt":"2021-04-26T11:34:13","slug":"andres-alfredo-dominguez-ortega-q-e-p-d","status":"publish","type":"post","link":"https:\/\/cdnoticias.com\/index.php\/2021\/04\/26\/andres-alfredo-dominguez-ortega-q-e-p-d\/","title":{"rendered":"Andr\u00e9s Alfredo Dom\u00ednguez Ortega (Q.E.P.D.)"},"content":{"rendered":"<p>Falleci\u00f3 en Olavarr\u00eda el d\u00eda 26 de Abril de 2021 a los 80 a\u00f1os de edad. Su esposa Mar\u00eda Elena Abossio, sus hijos Mar\u00eda Andrea, Flavia, Javier y Rolando; sus nietos Nicole, Albertina, Juan Ignacio, Juliana, Bruno, \u00c1lvaro y Lautaro; sus hijos pol\u00edticos y dem\u00e1s deudos participan su fallecimiento.<\/p>\n<p>&nbsp;<\/p>\n<p>Velatorio: Sala de Espa\u00f1a 2942 departamento &#8221;A&#8221; a partir de las 13:30. Responso: Capilla ardiente. Inhumaci\u00f3n: Cementerio Loma De Paz, lunes 26 a las 15:30. Servicio adherido a Coopelectric.<\/p>\n<p>&nbsp;<\/p>\n<p>Barrio en el que viv\u00eda: Villa Alfredo Fortabat<\/p>\n<p>&nbsp;<\/p>\n<p>Lugar de nacimiento: Luque &#8211; Paraguay<\/p>\n<p>&nbsp;<\/p>\n<p>Actividad que desarrollaba: Jubilado<\/p>\n","protected":false},"excerpt":{"rendered":"<p>Falleci\u00f3 en Olavarr\u00eda el d\u00eda 26 de Abril de 2021 a los 80 a\u00f1os de edad. Su esposa Mar\u00eda Elena<\/p>\n","protected":false},"author":4,"featured_media":0,"comment_status":"closed","ping_status":"closed","sticky":false,"template":"","format":"standard","meta":{"_jetpack_memberships_contains_paid_content":false,"footnotes":""},"categories":[10],"tags":[],"class_list":["post-19853","post","type-post","status-publish","format-standard","hentry","category-necrologicas"],"jetpack_featured_media_url":"","jetpack_sharing_enabled":true,"_links":{"self":[{"href":"https:\/\/cdnoticias.com\/index.php\/wp-json\/wp\/v2\/posts\/19853","targetHints":{"allow":["GET"]}}],"collection":[{"href":"https:\/\/cdnoticias.com\/index.php\/wp-json\/wp\/v2\/posts"}],"about":[{"href":"https:\/\/cdnoticias.com\/index.php\/wp-json\/wp\/v2\/types\/post"}],"author":[{"embeddable":true,"href":"https:\/\/cdnoticias.com\/index.php\/wp-json\/wp\/v2\/users\/4"}],"replies":[{"embeddable":true,"href":"https:\/\/cdnoticias.com\/index.php\/wp-json\/wp\/v2\/comments?post=19853"}],"version-history":[{"count":0,"href":"https:\/\/cdnoticias.com\/index.php\/wp-json\/wp\/v2\/posts\/19853\/revisions"}],"wp:attachment":[{"href":"https:\/\/cdnoticias.com\/index.php\/wp-json\/wp\/v2\/media?parent=19853"}],"wp:term":[{"taxonomy":"category","embeddable":true,"href":"https:\/\/cdnoticias.com\/index.php\/wp-json\/wp\/v2\/categories?post=19853"},{"taxonomy":"post_tag","embeddable":true,"href":"https:\/\/cdnoticias.com\/index.php\/wp-json\/wp\/v2\/tags?post=19853"}],"curies":[{"name":"wp","href":"https:\/\/api.w.org\/{rel}","templated":true}]}}