{"id":19841,"date":"2021-04-25T19:24:59","date_gmt":"2021-04-25T22:24:59","guid":{"rendered":"http:\/\/www.centraldenoticias.com.ar\/?p=19841"},"modified":"2021-04-25T19:24:59","modified_gmt":"2021-04-25T22:24:59","slug":"vecinos-de-sierras-bayas-volvieron-a-pedir-por-la-no-explotacion-del-cerro-largo","status":"publish","type":"post","link":"https:\/\/cdnoticias.com\/index.php\/2021\/04\/25\/vecinos-de-sierras-bayas-volvieron-a-pedir-por-la-no-explotacion-del-cerro-largo\/","title":{"rendered":"Vecinos de Sierras Bayas volvieron a pedir por la \u201cNo explotaci\u00f3n del Cerro Largo\u201d"},"content":{"rendered":"<p>Colocaron banderas en el tradicional lugar de localidad serrana.<!--more--><\/p>\n<hr \/>\n<p>En la tarde de este domingo vecinos de Sierras Bayas colocaron banderas reclamando un <strong>\u201cNo a la Explotaci\u00f3n del Cerro Largo\u201d, un reclamo ya hist\u00f3rico de la localidad para preservar el tradicional punto de encuentro serrano.<\/strong><\/p>\n<p>&nbsp;<\/p>\n<p><img data-recalc-dims=\"1\" loading=\"lazy\" decoding=\"async\" class=\"alignnone size-large wp-image-19842\" src=\"https:\/\/i0.wp.com\/cdnoticias.com\/wp-content\/uploads\/2021\/04\/WhatsApp-Image-2021-04-25-at-19.08.15.jpeg?resize=800%2C600&#038;ssl=1\" alt=\"\" width=\"800\" height=\"600\" srcset=\"https:\/\/i0.wp.com\/cdnoticias.com\/wp-content\/uploads\/2021\/04\/WhatsApp-Image-2021-04-25-at-19.08.15.jpeg?resize=1024%2C768&amp;ssl=1 1024w, https:\/\/i0.wp.com\/cdnoticias.com\/wp-content\/uploads\/2021\/04\/WhatsApp-Image-2021-04-25-at-19.08.15.jpeg?resize=300%2C225&amp;ssl=1 300w, https:\/\/i0.wp.com\/cdnoticias.com\/wp-content\/uploads\/2021\/04\/WhatsApp-Image-2021-04-25-at-19.08.15.jpeg?resize=768%2C576&amp;ssl=1 768w, https:\/\/i0.wp.com\/cdnoticias.com\/wp-content\/uploads\/2021\/04\/WhatsApp-Image-2021-04-25-at-19.08.15.jpeg?w=1280&amp;ssl=1 1280w\" sizes=\"auto, (max-width: 800px) 100vw, 800px\" \/><\/p>\n<p>&nbsp;<\/p>\n<p>Seg\u00fan fue narrado a <em><strong>Central de Noticias<\/strong><\/em>, se trat\u00f3 de una iniciativa espont\u00e1nea de sierrabayenses ante el registro de explosiones y barrenos en los \u00faltimos d\u00edas en la zona.<\/p>\n","protected":false},"excerpt":{"rendered":"<p>Colocaron banderas en el tradicional lugar de localidad serrana.<\/p>\n","protected":false},"author":3,"featured_media":19843,"comment_status":"closed","ping_status":"closed","sticky":false,"template":"","format":"standard","meta":{"_jetpack_memberships_contains_paid_content":false,"footnotes":""},"categories":[5,1],"tags":[],"class_list":["post-19841","post","type-post","status-publish","format-standard","has-post-thumbnail","hentry","category-informacion-general","category-portada"],"jetpack_featured_media_url":"https:\/\/i0.wp.com\/cdnoticias.com\/wp-content\/uploads\/2021\/04\/WhatsApp-Image-2021-04-25-at-19.08.16-1.jpeg?fit=1080%2C810&ssl=1","jetpack_sharing_enabled":true,"_links":{"self":[{"href":"https:\/\/cdnoticias.com\/index.php\/wp-json\/wp\/v2\/posts\/19841","targetHints":{"allow":["GET"]}}],"collection":[{"href":"https:\/\/cdnoticias.com\/index.php\/wp-json\/wp\/v2\/posts"}],"about":[{"href":"https:\/\/cdnoticias.com\/index.php\/wp-json\/wp\/v2\/types\/post"}],"author":[{"embeddable":true,"href":"https:\/\/cdnoticias.com\/index.php\/wp-json\/wp\/v2\/users\/3"}],"replies":[{"embeddable":true,"href":"https:\/\/cdnoticias.com\/index.php\/wp-json\/wp\/v2\/comments?post=19841"}],"version-history":[{"count":0,"href":"https:\/\/cdnoticias.com\/index.php\/wp-json\/wp\/v2\/posts\/19841\/revisions"}],"wp:featuredmedia":[{"embeddable":true,"href":"https:\/\/cdnoticias.com\/index.php\/wp-json\/wp\/v2\/media\/19843"}],"wp:attachment":[{"href":"https:\/\/cdnoticias.com\/index.php\/wp-json\/wp\/v2\/media?parent=19841"}],"wp:term":[{"taxonomy":"category","embeddable":true,"href":"https:\/\/cdnoticias.com\/index.php\/wp-json\/wp\/v2\/categories?post=19841"},{"taxonomy":"post_tag","embeddable":true,"href":"https:\/\/cdnoticias.com\/index.php\/wp-json\/wp\/v2\/tags?post=19841"}],"curies":[{"name":"wp","href":"https:\/\/api.w.org\/{rel}","templated":true}]}}