{"id":19818,"date":"2021-04-25T12:54:45","date_gmt":"2021-04-25T15:54:45","guid":{"rendered":"http:\/\/www.centraldenoticias.com.ar\/?p=19818"},"modified":"2021-04-25T12:54:45","modified_gmt":"2021-04-25T15:54:45","slug":"volver-a-empezar-como-estamos-afrontando-la-segunda-ola-de-contagios","status":"publish","type":"post","link":"https:\/\/cdnoticias.com\/index.php\/2021\/04\/25\/volver-a-empezar-como-estamos-afrontando-la-segunda-ola-de-contagios\/","title":{"rendered":"Volver a empezar: \u00bfc\u00f3mo estamos afrontando la segunda ola de contagios?"},"content":{"rendered":"<p>Lleg\u00f3 la segunda ola y la frustraci\u00f3n de volver al 2020 se hizo presente. El cansancio acumulado, la incertidumbre por lo que vendr\u00e1 y la angustia generalizada son algunas de las consecuencias a nivel psicol\u00f3gico que Valeria Di Giano y Pilar Andreu-Licenciadas en Psicolog\u00eda- analizan.<!--more--><\/p>\n<hr \/>\n<p>&nbsp;<\/p>\n<p><em>\u00a0Por Santiago Garralda \/ <a href=\"http:\/\/agenciacomunica.soc.unicen.edu.ar\/index.php\/destacadas\/1105-volver-a-empezar-como-estamos-afrontando-la-segunda-ola-de-contagios\" target=\"_blank\" rel=\"noopener\">Agencia Comunica<\/a><\/em><\/p>\n<p>&nbsp;<\/p>\n<p>A mediados de Enero, mientras Europa estaba al borde del colapso, en Argentina ya se comenzaba a hablar de una inminente segunda ola. Los n\u00fameros preocupaban. Poco a poco, la cantidad de contagios por d\u00eda fue aumentando. Por ejemplo, el 2 de Abril se registraron-seg\u00fan los informes oficiales- 9.902 casos positivos en todo el pa\u00eds; una semana despu\u00e9s -el 8 de Abril- se confirmaron 24.130 casos, lo que implic\u00f3 un aumento del 143 %. Por su parte, en Olavarr\u00eda hubo 459 casos positivos desde el 22 al 29 de Marzo, y 740 confirmados desde el 30 de Marzo al 6 de Abril. Esto podr\u00eda mostrar el inicio de la segunda ola en la ciudad con un aumento del 63% de los casos. Al d\u00eda de la publicaci\u00f3n de esta nota, Abril lleva 2294 casos nuevos, 52 muertes, y 2183 personas recuperadas.<\/p>\n<p>&nbsp;<\/p>\n<p>La relajaci\u00f3n general durante el verano est\u00e1 mostrando sus consecuencias, sumado a la detecci\u00f3n de las cepas de Manaos y de Reino Unido, y a las recientes restricciones impulsadas por el Gobierno para frenar\u00a0 el rebrote, el panorama tiene aires a 2020.La llamada primera ola dej\u00f3 consecuencias psicol\u00f3gicas que numerosos art\u00edculos cient\u00edficos manifestaron. Cuando todo parec\u00eda mejorar, cuando el horizonte comenzaba a asomarse, de nuevo la misma pesadilla se repite. Pero, \u00bfest\u00e1bamos preparados psicol\u00f3gicamente para enfrentarnos a una segunda ola? \u00bfQu\u00e9 peligros corremos? \u00bfQu\u00e9 cambios nos gener\u00f3 \u201cvolver para atr\u00e1s\u201d?<\/p>\n<p>&nbsp;<\/p>\n<p>La ilusi\u00f3n de que el 2021 sea diferente seguramente estuvo presente en el brindis de fin de a\u00f1o. Pero es un deseo que todav\u00eda no se cumpli\u00f3. El agotamiento se acumula y la angustia tambi\u00e9n. En este sentido, Pilar Andreu se\u00f1al\u00f3 que la diferencia entre el impacto de la primera ola y la segunda radica en que \u201cla gente viene cansada, es como venir ya sin resto. Tiene\u00a0 que ver con cierto fastidio por la situaci\u00f3n\u201d.<\/p>\n<p>&nbsp;<\/p>\n<p><img data-recalc-dims=\"1\" loading=\"lazy\" decoding=\"async\" class=\"alignnone size-large wp-image-19820\" src=\"https:\/\/i0.wp.com\/cdnoticias.com\/wp-content\/uploads\/2021\/04\/pilar.jpg?resize=800%2C923&#038;ssl=1\" alt=\"\" width=\"800\" height=\"923\" srcset=\"https:\/\/i0.wp.com\/cdnoticias.com\/wp-content\/uploads\/2021\/04\/pilar.jpg?resize=888%2C1024&amp;ssl=1 888w, https:\/\/i0.wp.com\/cdnoticias.com\/wp-content\/uploads\/2021\/04\/pilar.jpg?resize=260%2C300&amp;ssl=1 260w, https:\/\/i0.wp.com\/cdnoticias.com\/wp-content\/uploads\/2021\/04\/pilar.jpg?resize=768%2C885&amp;ssl=1 768w, https:\/\/i0.wp.com\/cdnoticias.com\/wp-content\/uploads\/2021\/04\/pilar.jpg?w=1028&amp;ssl=1 1028w\" sizes=\"auto, (max-width: 800px) 100vw, 800px\" \/><\/p>\n<p>&nbsp;<\/p>\n<p>Por su parte, Valeria Di Giano sostuvo que \u201cel mayor problema de volver para atr\u00e1s -con las nuevas restricciones- es el agobio, el hast\u00edo, la angustia, la ansiedad. Porque tambi\u00e9n tenemos que pensar en el impacto que genera en la econom\u00eda\u201d. En efecto, se\u00f1al\u00f3 que todo este \u201ccombo\u201d trae muchos pormenores, y que hay \u201cmiedo a la soledad\u201d. As\u00ed,\u00a0 se visualiza una p\u00e9rdida de la confianza a partir de una \u201cincertidumbre que genera inestabilidad en las personas, que les quita seguridad\u201d.<\/p>\n<p>&nbsp;<\/p>\n<p>Asimismo, destac\u00f3\u00a0 que \u201cno todas las personas afrontan esta ola de la misma manera, pero b\u00e1sicamente todo el mundo est\u00e1 con una sensaci\u00f3n de incertidumbre, de miedos, respecto no solo de la enfermedad sino tambi\u00e9n del colapso del sistema sanitario y del sistema social\u201d. A su vez, los discursos de p\u00e1nico que se reproducen en los medios de comunicaci\u00f3n generan un\u00a0 impacto\u00a0 negativo en las personas. Tambi\u00e9n, es importante destacar que la salud mental durante toda la pandemia estuvo en un tercer plano. Nunca se le dio la atenci\u00f3n necesaria, infravalorando su relevancia y no teniendo en cuenta que \u201cla salud mental es parte de la salud integral, repercute y tiene efectos en la salud f\u00edsica\u201d, asegura Di Giano. Los peligros, seg\u00fan Valeria, son varios. Pero hay uno que est\u00e1 presente sobre todo en ni\u00f1xs y adolescentes: la p\u00e9rdida del lazo social. A esto se le suma -y deriva- la hiperconexi\u00f3n a las pantallas \u201ccon un repliegue sobre ellos mismos, que tiene que ver con\u00a0 sintomatolog\u00eda que aparece de forma psicosom\u00e1tica, con dificultades para dormir, con problemas que tiene que ver con el relacionamiento social\u201d.<\/p>\n<p>&nbsp;<\/p>\n<p><img data-recalc-dims=\"1\" loading=\"lazy\" decoding=\"async\" class=\"alignnone size-large wp-image-19821\" src=\"https:\/\/i0.wp.com\/cdnoticias.com\/wp-content\/uploads\/2021\/04\/valeria.jpg?resize=768%2C1024&#038;ssl=1\" alt=\"\" width=\"768\" height=\"1024\" srcset=\"https:\/\/i0.wp.com\/cdnoticias.com\/wp-content\/uploads\/2021\/04\/valeria.jpg?resize=768%2C1024&amp;ssl=1 768w, https:\/\/i0.wp.com\/cdnoticias.com\/wp-content\/uploads\/2021\/04\/valeria.jpg?resize=225%2C300&amp;ssl=1 225w, https:\/\/i0.wp.com\/cdnoticias.com\/wp-content\/uploads\/2021\/04\/valeria.jpg?w=960&amp;ssl=1 960w\" sizes=\"auto, (max-width: 768px) 100vw, 768px\" \/><\/p>\n<p>&nbsp;<\/p>\n<p>Siguiendo esta l\u00ednea, aparece en escena la controversia por la suspensi\u00f3n provisoria de las clases presenciales y el impacto que genera en adolescentes y ni\u00f1xs. Al respecto, Pilar Andreu dijo que \u201cse vuelve nuevamente a hacer todo en casa, entonces\u00a0 es como re editar esa angustia que fue muy alta y muy grande el a\u00f1o pasado, y ahora volver a vivirlo, es como una amenaza permanente sobre la situaci\u00f3n de escolaridad. El miedo y la angustia es mayor porque ya es conocido esto, ya sabemos que pasa\u201d. Adem\u00e1s, agreg\u00f3 que \u201cla presencialidad tiene que estar porque hay chicos que no tienen otro lugar de socializaci\u00f3n m\u00e1s que la escuela. Es una necesidad psicol\u00f3gica\u201d.<\/p>\n<p>&nbsp;<\/p>\n<p>Para concluir, Di Giano sostuvo que es posible inmunizarse \u201cpsicol\u00f3gicamente\u201d, o hacer algo para que el impacto no sea tan grande. De esta manera, recomienda\u00a0 \u201chacer cosas que nos hagan sentir bien, hacer actividad f\u00edsica, no consumir en exceso alcohol o sustancias que te hagan meterte para adentro y buscar momentos de interacci\u00f3n con tu familia cercana\u201d.<\/p>\n","protected":false},"excerpt":{"rendered":"<p>Lleg\u00f3 la segunda ola y la frustraci\u00f3n de volver al 2020 se hizo presente. El cansancio acumulado, la incertidumbre por<\/p>\n","protected":false},"author":3,"featured_media":19819,"comment_status":"closed","ping_status":"closed","sticky":false,"template":"","format":"standard","meta":{"_jetpack_memberships_contains_paid_content":false,"footnotes":""},"categories":[5,1],"tags":[],"class_list":["post-19818","post","type-post","status-publish","format-standard","has-post-thumbnail","hentry","category-informacion-general","category-portada"],"jetpack_featured_media_url":"https:\/\/i0.wp.com\/cdnoticias.com\/wp-content\/uploads\/2021\/04\/nube_de_palabras.jpg?fit=2700%2C1438&ssl=1","jetpack_sharing_enabled":true,"_links":{"self":[{"href":"https:\/\/cdnoticias.com\/index.php\/wp-json\/wp\/v2\/posts\/19818","targetHints":{"allow":["GET"]}}],"collection":[{"href":"https:\/\/cdnoticias.com\/index.php\/wp-json\/wp\/v2\/posts"}],"about":[{"href":"https:\/\/cdnoticias.com\/index.php\/wp-json\/wp\/v2\/types\/post"}],"author":[{"embeddable":true,"href":"https:\/\/cdnoticias.com\/index.php\/wp-json\/wp\/v2\/users\/3"}],"replies":[{"embeddable":true,"href":"https:\/\/cdnoticias.com\/index.php\/wp-json\/wp\/v2\/comments?post=19818"}],"version-history":[{"count":0,"href":"https:\/\/cdnoticias.com\/index.php\/wp-json\/wp\/v2\/posts\/19818\/revisions"}],"wp:featuredmedia":[{"embeddable":true,"href":"https:\/\/cdnoticias.com\/index.php\/wp-json\/wp\/v2\/media\/19819"}],"wp:attachment":[{"href":"https:\/\/cdnoticias.com\/index.php\/wp-json\/wp\/v2\/media?parent=19818"}],"wp:term":[{"taxonomy":"category","embeddable":true,"href":"https:\/\/cdnoticias.com\/index.php\/wp-json\/wp\/v2\/categories?post=19818"},{"taxonomy":"post_tag","embeddable":true,"href":"https:\/\/cdnoticias.com\/index.php\/wp-json\/wp\/v2\/tags?post=19818"}],"curies":[{"name":"wp","href":"https:\/\/api.w.org\/{rel}","templated":true}]}}