{"id":19815,"date":"2021-04-25T10:31:12","date_gmt":"2021-04-25T13:31:12","guid":{"rendered":"http:\/\/www.centraldenoticias.com.ar\/?p=19815"},"modified":"2021-04-25T10:31:12","modified_gmt":"2021-04-25T13:31:12","slug":"capturaron-a-un-joven-de-21-anos-por-violar-una-restriccion-de-acercamiento","status":"publish","type":"post","link":"https:\/\/cdnoticias.com\/index.php\/2021\/04\/25\/capturaron-a-un-joven-de-21-anos-por-violar-una-restriccion-de-acercamiento\/","title":{"rendered":"Capturaron a un joven de 21 a\u00f1os por  violar una restricci\u00f3n de acercamiento"},"content":{"rendered":"<p>Sucedi\u00f3 en el barrio Coronel Dorrego y ahora se encuentra a disposici\u00f3n de la fiscal\u00eda especializada en violencia familiar y de g\u00e9nero.<!--more--><\/p>\n<hr \/>\n<p>Personal del Comando de Patrullas, con la colaboraci\u00f3n de agentes de la comisar\u00eda De la Mujer, llevaron adelante la captura de un joven de 21 a\u00f1os, quien<strong> fue sorprendido vulnerando una restricci\u00f3n de acercamiento vigente, emitida desde el Juzgado de Familia N\u00b0 1.<\/strong><\/p>\n<p>&nbsp;<\/p>\n<p>De acuerdo con lo que se precis\u00f3, todo se registr\u00f3 en las \u00faltimas horas <strong>en San Mart\u00edn al 700<\/strong>, en el barrio Coronel Dorrego, desde donde provino un llamado al servicio de emergencias que alert\u00f3 sobre la presencia del joven en el lugar, <strong>donde ten\u00eda prohibido presentarse.<\/strong><\/p>\n<p>&nbsp;<\/p>\n<p>Fue capturado y actualmente se encuentra aprehendido en la comisar\u00eda Primera,<strong> imputado por \u201cdesobediencia\u201d y a disposici\u00f3n de la UFI 5 de la doctora Viviana Beyt\u00eda, la flamante fiscal en Violencia Familiar y de G\u00e9nero.<\/strong><\/p>\n","protected":false},"excerpt":{"rendered":"<p>Sucedi\u00f3 en el barrio Coronel Dorrego y ahora se encuentra a disposici\u00f3n de la fiscal\u00eda especializada en violencia familiar y<\/p>\n","protected":false},"author":3,"featured_media":19816,"comment_status":"closed","ping_status":"closed","sticky":false,"template":"","format":"standard","meta":{"_jetpack_memberships_contains_paid_content":false,"footnotes":""},"categories":[14,1],"tags":[],"class_list":["post-19815","post","type-post","status-publish","format-standard","has-post-thumbnail","hentry","category-policiales","category-portada"],"jetpack_featured_media_url":"https:\/\/i0.wp.com\/cdnoticias.com\/wp-content\/uploads\/2021\/04\/WhatsApp-Image-2021-04-25-at-09.47.25.jpeg?fit=1280%2C720&ssl=1","jetpack_sharing_enabled":true,"_links":{"self":[{"href":"https:\/\/cdnoticias.com\/index.php\/wp-json\/wp\/v2\/posts\/19815","targetHints":{"allow":["GET"]}}],"collection":[{"href":"https:\/\/cdnoticias.com\/index.php\/wp-json\/wp\/v2\/posts"}],"about":[{"href":"https:\/\/cdnoticias.com\/index.php\/wp-json\/wp\/v2\/types\/post"}],"author":[{"embeddable":true,"href":"https:\/\/cdnoticias.com\/index.php\/wp-json\/wp\/v2\/users\/3"}],"replies":[{"embeddable":true,"href":"https:\/\/cdnoticias.com\/index.php\/wp-json\/wp\/v2\/comments?post=19815"}],"version-history":[{"count":0,"href":"https:\/\/cdnoticias.com\/index.php\/wp-json\/wp\/v2\/posts\/19815\/revisions"}],"wp:featuredmedia":[{"embeddable":true,"href":"https:\/\/cdnoticias.com\/index.php\/wp-json\/wp\/v2\/media\/19816"}],"wp:attachment":[{"href":"https:\/\/cdnoticias.com\/index.php\/wp-json\/wp\/v2\/media?parent=19815"}],"wp:term":[{"taxonomy":"category","embeddable":true,"href":"https:\/\/cdnoticias.com\/index.php\/wp-json\/wp\/v2\/categories?post=19815"},{"taxonomy":"post_tag","embeddable":true,"href":"https:\/\/cdnoticias.com\/index.php\/wp-json\/wp\/v2\/tags?post=19815"}],"curies":[{"name":"wp","href":"https:\/\/api.w.org\/{rel}","templated":true}]}}