{"id":19812,"date":"2021-04-25T10:09:41","date_gmt":"2021-04-25T13:09:41","guid":{"rendered":"http:\/\/www.centraldenoticias.com.ar\/?p=19812"},"modified":"2021-04-25T11:22:02","modified_gmt":"2021-04-25T14:22:02","slug":"a-ritmo-preocupante-se-siguen-incrementando-los-casos-de-coronavirus-en-la-region","status":"publish","type":"post","link":"https:\/\/cdnoticias.com\/index.php\/2021\/04\/25\/a-ritmo-preocupante-se-siguen-incrementando-los-casos-de-coronavirus-en-la-region\/","title":{"rendered":"A ritmo preocupante se siguen incrementando los casos de Coronavirus en la regi\u00f3n"},"content":{"rendered":"<p>Tanto Tandil como Bol\u00edvar cuentan con cerca de mil casos activos, mientras que Azul registr\u00f3 la muerte de tres pacientes en las \u00faltimas horas.<!--more--><\/p>\n<hr \/>\n<p><strong>La segunda ola de coronavirus definitivamente ya est\u00e1 en el centro bonaerense<\/strong>. Basta no s\u00f3lo con ver las consecuencias y complicaciones en nuestra ciudad, sino tambi\u00e9n en los distritos vecinos, varios de los cuales han decidido incrementar los recaudos, o m\u00e1s bien aumentar las restricciones, para frenar la velocidad en el aumento de los contagios. <strong>Un repaso de lo que est\u00e1 sucediendo en la zona.<\/strong><\/p>\n<p>&nbsp;<\/p>\n<p><strong>Si por cantidad activos refiere, la recorrida impone comenzar por Tandil<\/strong>. De manera contraria a lo sucedido durante la primera ola,<a href=\"https:\/\/cdnoticias.com\/index.php\/2021\/04\/23\/tandil-restringe-circulacion-y-cierra-comercios-a-las-18-horas-por-la-segunda-ola-de-covid-19\/\" target=\"_blank\" rel=\"noopener\"> el distrito serrano opt\u00f3 por incrementar las medidas y precauciones antes que desde Provincia se le ordenara<\/a>. Vale recordar que, por ejemplo, el horario comercial tiene ahora como tope las 18.<\/p>\n<p>&nbsp;<\/p>\n<p><img data-recalc-dims=\"1\" loading=\"lazy\" decoding=\"async\" class=\"alignnone size-full wp-image-11279\" src=\"https:\/\/i0.wp.com\/cdnoticias.com\/wp-content\/uploads\/2021\/01\/lunghi.jpg?resize=768%2C426&#038;ssl=1\" alt=\"\" width=\"768\" height=\"426\" srcset=\"https:\/\/i0.wp.com\/cdnoticias.com\/wp-content\/uploads\/2021\/01\/lunghi.jpg?w=768&amp;ssl=1 768w, https:\/\/i0.wp.com\/cdnoticias.com\/wp-content\/uploads\/2021\/01\/lunghi.jpg?resize=300%2C166&amp;ssl=1 300w\" sizes=\"auto, (max-width: 768px) 100vw, 768px\" \/><\/p>\n<p>&nbsp;<\/p>\n<p>Lo concreto es que en las \u00faltimas horas se registraron<strong> 64 nuevos casos, lo que dej\u00f3 en 998 la cifra de pacientes activos<\/strong>. A la par, <strong>fallecieron dos pacientes, dos hombres de 63 y 85 a\u00f1os respectivamente, lo que elev\u00f3 a 224 la cantidad de muertes por la pandemia, tambi\u00e9n la cifra m\u00e1s alta de la regi\u00f3n.<\/strong><\/p>\n<p>&nbsp;<\/p>\n<p><strong>De un tiempo a la fecha Bol\u00edvar ha pasado a ser de los municipios m\u00e1s complicados por el Covid19<\/strong> y los n\u00fameros registrados en las \u00faltimas horas dan cuenta de ello. Tras la realizaci\u00f3n de 236 testeos, 83 resultaron positivos, por lo cual actualmente cuenta con <strong>928 casos activos<\/strong>, un registro inclusive m\u00e1s alto que el de Olavarr\u00eda (768 de acuerdo al parte emitido el \u00faltimo s\u00e1bado). Bol\u00edvar cuenta adem\u00e1s con 32 fallecimientos.<\/p>\n<p>&nbsp;<\/p>\n<p><img data-recalc-dims=\"1\" loading=\"lazy\" decoding=\"async\" class=\"alignnone size-large wp-image-3945\" src=\"https:\/\/i0.wp.com\/cdnoticias.com\/wp-content\/uploads\/2020\/10\/20200413101554-fortalecimiento-social-y-prodiaba-atend.jpg?resize=800%2C533&#038;ssl=1\" alt=\"\" width=\"800\" height=\"533\" srcset=\"https:\/\/i0.wp.com\/cdnoticias.com\/wp-content\/uploads\/2020\/10\/20200413101554-fortalecimiento-social-y-prodiaba-atend.jpg?resize=1024%2C682&amp;ssl=1 1024w, https:\/\/i0.wp.com\/cdnoticias.com\/wp-content\/uploads\/2020\/10\/20200413101554-fortalecimiento-social-y-prodiaba-atend.jpg?resize=300%2C200&amp;ssl=1 300w, https:\/\/i0.wp.com\/cdnoticias.com\/wp-content\/uploads\/2020\/10\/20200413101554-fortalecimiento-social-y-prodiaba-atend.jpg?resize=768%2C511&amp;ssl=1 768w, https:\/\/i0.wp.com\/cdnoticias.com\/wp-content\/uploads\/2020\/10\/20200413101554-fortalecimiento-social-y-prodiaba-atend.jpg?resize=272%2C182&amp;ssl=1 272w, https:\/\/i0.wp.com\/cdnoticias.com\/wp-content\/uploads\/2020\/10\/20200413101554-fortalecimiento-social-y-prodiaba-atend.jpg?w=1200&amp;ssl=1 1200w\" sizes=\"auto, (max-width: 800px) 100vw, 800px\" \/><\/p>\n<p>&nbsp;<\/p>\n<p>Vale recordar que Bol\u00edvar, tambi\u00e9n <a href=\"https:\/\/cdnoticias.com\/index.php\/2021\/04\/21\/el-intendente-de-bolivar-pidio-el-pase-a-fase-2\/\" target=\"_blank\" rel=\"noopener\">a pedido y decisi\u00f3n de la propia comuna<\/a>, decidi\u00f3<a href=\"https:\/\/cdnoticias.com\/index.php\/2021\/04\/22\/bolivar-castelli-villegas-y-zarate-se-oficializo-la-suspension-de-clases-presenciales\/\" target=\"_blank\" rel=\"noopener\"> incrementar las restricciones<\/a>.<\/p>\n<p>&nbsp;<\/p>\n<p><strong>Azul<\/strong>, por su parte, en las \u00faltimas horas ha registrado un importante incremento tanto en nuevos positivos como en decesos. Seg\u00fan la comunicaci\u00f3n oficial, fueron 54 los casos detectados, elevando a 394 la cantidad de pacientes actuales para el municipio. A la par, tambi\u00e9n en las \u00faltimas horas <strong>fallecieron tres personas con la enfermedad. Ten\u00edan 52, 79 y 80 a\u00f1os, todos internados en el Hospital Pintos. El n\u00famero total de decesos ascendi\u00f3 a 127<\/strong>.<\/p>\n<p>&nbsp;<\/p>\n<p><img data-recalc-dims=\"1\" loading=\"lazy\" decoding=\"async\" class=\"alignnone size-large wp-image-19498\" src=\"https:\/\/i0.wp.com\/cdnoticias.com\/wp-content\/uploads\/2021\/04\/177163096_2843107895940828_6552355299441080742_n.jpg?resize=800%2C533&#038;ssl=1\" alt=\"\" width=\"800\" height=\"533\" srcset=\"https:\/\/i0.wp.com\/cdnoticias.com\/wp-content\/uploads\/2021\/04\/177163096_2843107895940828_6552355299441080742_n.jpg?resize=1024%2C682&amp;ssl=1 1024w, https:\/\/i0.wp.com\/cdnoticias.com\/wp-content\/uploads\/2021\/04\/177163096_2843107895940828_6552355299441080742_n.jpg?resize=300%2C200&amp;ssl=1 300w, https:\/\/i0.wp.com\/cdnoticias.com\/wp-content\/uploads\/2021\/04\/177163096_2843107895940828_6552355299441080742_n.jpg?resize=768%2C512&amp;ssl=1 768w, https:\/\/i0.wp.com\/cdnoticias.com\/wp-content\/uploads\/2021\/04\/177163096_2843107895940828_6552355299441080742_n.jpg?resize=272%2C182&amp;ssl=1 272w, https:\/\/i0.wp.com\/cdnoticias.com\/wp-content\/uploads\/2021\/04\/177163096_2843107895940828_6552355299441080742_n.jpg?w=1280&amp;ssl=1 1280w\" sizes=\"auto, (max-width: 800px) 100vw, 800px\" \/><\/p>\n<p>&nbsp;<\/p>\n<p>No menos preocupante es la situaci\u00f3n que registra <strong>La Madrid<\/strong>, con los n\u00fameros m\u00e1s altos en cuanto a contagios de toda la pandemia. Tal es as\u00ed que es <a href=\"https:\/\/cdnoticias.com\/index.php\/2021\/04\/21\/la-madrid-restringe-actividades-y-horarios-ante-el-aumento-de-casos\/\" target=\"_blank\" rel=\"noopener\">otro de los municipios de la regi\u00f3n que tambi\u00e9n decidi\u00f3 aumentar los recaudos y restricciones en los \u00faltimos d\u00edas<\/a>. El \u00faltimo parte dio cuenta de 12 nuevos casos, si bien es una cifra bastante menor\u00a0 a la de d\u00edas atr\u00e1s, <strong>sigue siendo alto registro de casos activos, 157<\/strong>.<\/p>\n<p>&nbsp;<\/p>\n<p>Por \u00faltimo vale la menci\u00f3n de <strong>Laprida, que cuenta \u00fanicamente con 10 casos activos<\/strong>, aunque en las \u00faltimas horas registr\u00f3 el ingreso a cuidados intensivos de un paciente de 63 a\u00f1os.<\/p>\n","protected":false},"excerpt":{"rendered":"<p>Tanto Tandil como Bol\u00edvar cuentan con cerca de mil casos activos, mientras que Azul registr\u00f3 la muerte de tres pacientes<\/p>\n","protected":false},"author":3,"featured_media":9560,"comment_status":"closed","ping_status":"closed","sticky":false,"template":"","format":"standard","meta":{"_jetpack_memberships_contains_paid_content":false,"footnotes":""},"categories":[6,1],"tags":[],"class_list":["post-19812","post","type-post","status-publish","format-standard","has-post-thumbnail","hentry","category-nacionales","category-portada"],"jetpack_featured_media_url":"https:\/\/i0.wp.com\/cdnoticias.com\/wp-content\/uploads\/2020\/12\/covid19.jpg?fit=1004%2C565&ssl=1","jetpack_sharing_enabled":true,"_links":{"self":[{"href":"https:\/\/cdnoticias.com\/index.php\/wp-json\/wp\/v2\/posts\/19812","targetHints":{"allow":["GET"]}}],"collection":[{"href":"https:\/\/cdnoticias.com\/index.php\/wp-json\/wp\/v2\/posts"}],"about":[{"href":"https:\/\/cdnoticias.com\/index.php\/wp-json\/wp\/v2\/types\/post"}],"author":[{"embeddable":true,"href":"https:\/\/cdnoticias.com\/index.php\/wp-json\/wp\/v2\/users\/3"}],"replies":[{"embeddable":true,"href":"https:\/\/cdnoticias.com\/index.php\/wp-json\/wp\/v2\/comments?post=19812"}],"version-history":[{"count":0,"href":"https:\/\/cdnoticias.com\/index.php\/wp-json\/wp\/v2\/posts\/19812\/revisions"}],"wp:featuredmedia":[{"embeddable":true,"href":"https:\/\/cdnoticias.com\/index.php\/wp-json\/wp\/v2\/media\/9560"}],"wp:attachment":[{"href":"https:\/\/cdnoticias.com\/index.php\/wp-json\/wp\/v2\/media?parent=19812"}],"wp:term":[{"taxonomy":"category","embeddable":true,"href":"https:\/\/cdnoticias.com\/index.php\/wp-json\/wp\/v2\/categories?post=19812"},{"taxonomy":"post_tag","embeddable":true,"href":"https:\/\/cdnoticias.com\/index.php\/wp-json\/wp\/v2\/tags?post=19812"}],"curies":[{"name":"wp","href":"https:\/\/api.w.org\/{rel}","templated":true}]}}