{"id":19798,"date":"2021-04-24T20:29:01","date_gmt":"2021-04-24T23:29:01","guid":{"rendered":"http:\/\/www.centraldenoticias.com.ar\/?p=19798"},"modified":"2021-04-25T10:11:26","modified_gmt":"2021-04-25T13:11:26","slug":"el-hcd-expreso-preocupacion-por-falta-de-recursos-en-la-comisaria-de-la-mujer","status":"publish","type":"post","link":"https:\/\/cdnoticias.com\/index.php\/2021\/04\/24\/el-hcd-expreso-preocupacion-por-falta-de-recursos-en-la-comisaria-de-la-mujer\/","title":{"rendered":"El HCD expres\u00f3 \u201cpreocupaci\u00f3n\u201d por falta de recursos en la Comisar\u00eda de la Mujer"},"content":{"rendered":"<p class=\"western\">Con ello aval\u00f3 y reforz\u00f3 un pedido de la Mesa Local contra la Violencia de G\u00e9nero al Ministerio de Seguridad. Se\u00f1alaron el \u201cgrave incumplimiento\u201d de la Provincia. La propuesta fue presentada por Juntos por el Cambio.<!--more--><\/p>\n<hr \/>\n<p><strong>Josefina Bargas<\/strong>\u00a0\/ <a href=\"https:\/\/twitter.com\/JosefinaB\" target=\"_blank\" rel=\"noopener\">@JosefinaB<\/a><\/p>\n<p><em>(del staff de Central de Noticias)<\/em><\/p>\n<p>&nbsp;<\/p>\n<p class=\"western\">En la<a href=\"https:\/\/cdnoticias.com\/index.php\/2021\/04\/22\/viviendas-la-oposicion-critico-al-municipio-el-oficialismo-a-la-provincia\/\" target=\"_blank\" rel=\"noopener\"> \u00faltima sesi\u00f3n<\/a> del<strong> Concejo Deliberante se aprob\u00f3 una resoluci\u00f3n mediante la que el cuerpo, por unanimidad, manifest\u00f3 \u201cpreocupaci\u00f3n\u201d por la falta de recursos en la Comisar\u00eda de la Mujer loca<\/strong>l.<\/p>\n<p>&nbsp;<\/p>\n<p class=\"western\"><strong>A instancia del bloque Juntos por el Cambio<\/strong>, el Deliberativo <strong>aval\u00f3 y reforz\u00f3 un planteo en el mismo sentido de la Mesa Local contra la Violencia de G\u00e9nero<\/strong> enviado al Ministerio de Seguridad el mes pasado.<\/p>\n<p>&nbsp;<\/p>\n<blockquote>\n<p class=\"western\">La resoluci\u00f3n aprobada expres\u00f3 la \u201cpreocupaci\u00f3n por la falta de recursos materiales y humanos en la Comisar\u00eda de la Mujer y la Familia de Olavarr\u00eda, lo que significa un grave incumplimiento de la responsabilidad del Estado Provincial en materia de atenci\u00f3n y contenci\u00f3n a las v\u00edctimas de violencia de g\u00e9nero y familiar\u201d.<\/p>\n<\/blockquote>\n<p>&nbsp;<\/p>\n<figure id=\"attachment_19569\" aria-describedby=\"caption-attachment-19569\" style=\"width: 800px\" class=\"wp-caption aligncenter\"><img data-recalc-dims=\"1\" loading=\"lazy\" decoding=\"async\" class=\"wp-image-19569\" src=\"https:\/\/i0.wp.com\/cdnoticias.com\/wp-content\/uploads\/2021\/04\/HCDsesion00.jpg?resize=800%2C446&#038;ssl=1\" alt=\"\" width=\"800\" height=\"446\" srcset=\"https:\/\/i0.wp.com\/cdnoticias.com\/wp-content\/uploads\/2021\/04\/HCDsesion00.jpg?resize=300%2C167&amp;ssl=1 300w, https:\/\/i0.wp.com\/cdnoticias.com\/wp-content\/uploads\/2021\/04\/HCDsesion00.jpg?resize=768%2C428&amp;ssl=1 768w, https:\/\/i0.wp.com\/cdnoticias.com\/wp-content\/uploads\/2021\/04\/HCDsesion00.jpg?resize=800%2C445&amp;ssl=1 800w, https:\/\/i0.wp.com\/cdnoticias.com\/wp-content\/uploads\/2021\/04\/HCDsesion00.jpg?w=964&amp;ssl=1 964w\" sizes=\"auto, (max-width: 800px) 100vw, 800px\" \/><figcaption id=\"caption-attachment-19569\" class=\"wp-caption-text\">La resoluci\u00f3n se aprob\u00f3 por unanimidad.<\/figcaption><\/figure>\n<p>&nbsp;<\/p>\n<p class=\"western\">Asimismo, <strong>se solicit\u00f3 \u201cal Ministerio de Seguridad de la Provincia de Buenos Aires el efectivo cumplimiento de las obligaciones<\/strong> necesarias para el correcto funcionamiento de la Comisar\u00eda de la Mujer y la Familia de Olavarr\u00eda\u201d.<\/p>\n<p>&nbsp;<\/p>\n<p class=\"western\">Tal como se aprob\u00f3 en la sesi\u00f3n, se enviar\u00e1n copias de la resoluci\u00f3n 16\/21 al Ministerio de Seguridad de la Provincia y a la Comisar\u00eda de la Mujer local, que funciona desde el a\u00f1o 2007 en 9 de Julio casi Hornos.<\/p>\n<p>&nbsp;<\/p>\n<p class=\"western\"><strong>\u201cDesintegraci\u00f3n del equipo interdisciplinario\u201d<\/strong><\/p>\n<p>&nbsp;<\/p>\n<p class=\"western\">La concejal <strong>Cecilia Krivochen (Juntos por el Cambio)<\/strong> present\u00f3 el proyecto en la sesi\u00f3n y coment\u00f3 que <strong>surgi\u00f3 a partir de su participaci\u00f3n en la Mesa Local contra la Violencia Familiar y de G\u00e9nero<\/strong> de Olavarr\u00eda.<\/p>\n<p>&nbsp;<\/p>\n<blockquote>\n<p class=\"western\">Record\u00f3 con ello que el 16 de julio de 2020, la Mesa envi\u00f3 al Ministerio de Seguridad provincial un pedido para dotar de recursos a la Comisar\u00eda de la Mujer y que el 23 de marzo pasado se despach\u00f3 una nueva solicitud con el mismo contenido: \u201cexpresa la preocupaci\u00f3n por la desintegraci\u00f3n del equipo interdisciplinario\u201d se\u00f1al\u00f3. Hasta el momento, ninguno de ellos ha tenido respuesta.<\/p>\n<\/blockquote>\n<p>&nbsp;<\/p>\n<figure id=\"attachment_19804\" aria-describedby=\"caption-attachment-19804\" style=\"width: 800px\" class=\"wp-caption aligncenter\"><img data-recalc-dims=\"1\" loading=\"lazy\" decoding=\"async\" class=\"wp-image-19804 size-full\" src=\"https:\/\/i0.wp.com\/cdnoticias.com\/wp-content\/uploads\/2021\/04\/HCDsesion09.jpg?resize=800%2C446&#038;ssl=1\" alt=\"\" width=\"800\" height=\"446\" srcset=\"https:\/\/i0.wp.com\/cdnoticias.com\/wp-content\/uploads\/2021\/04\/HCDsesion09.jpg?w=800&amp;ssl=1 800w, https:\/\/i0.wp.com\/cdnoticias.com\/wp-content\/uploads\/2021\/04\/HCDsesion09.jpg?resize=300%2C167&amp;ssl=1 300w, https:\/\/i0.wp.com\/cdnoticias.com\/wp-content\/uploads\/2021\/04\/HCDsesion09.jpg?resize=768%2C428&amp;ssl=1 768w\" sizes=\"auto, (max-width: 800px) 100vw, 800px\" \/><figcaption id=\"caption-attachment-19804\" class=\"wp-caption-text\">Concejal Cecilia Krivochen (Juntos por el Cambio).<\/figcaption><\/figure>\n<p>&nbsp;<\/p>\n<p class=\"western\">Krivochen tuvo en cuenta que <strong>este problema no es local<\/strong>, \u201cel desmantelamiento es una constante\u201d dijo, para subrayar que <strong>con las condiciones en que trabaja el personal \u201ces dif\u00edcil dar respuesta\u201d<\/strong> y cumplir con los designios de la creaci\u00f3n de estas dependencias.<\/p>\n<p>&nbsp;<\/p>\n<blockquote>\n<p class=\"western\">\u201cSe requieren profesionales capacitados y hoy no est\u00e1n en su totalidad\u201d asegur\u00f3 la concejal quien, entre varios cuestionamientos, enumer\u00f3 que \u201clas v\u00edctimas no pueden esperar dos horas para tener su denuncia en mano porque no hay papel o tinta para imprimir\u201d y que \u201clas custodias en los domicilios de las v\u00edctimas los hace el personal en sus veh\u00edculos particulares porque no hay m\u00f3viles\u201d.<\/p>\n<\/blockquote>\n<p>&nbsp;<\/p>\n<p class=\"western\">\u201c<strong>La pandemia es esta cuesti\u00f3n de la violencia de g\u00e9nero<\/strong> y no puedo dejar de mostrarlo porque no voy a hacer o\u00eddos sordos al reclamo de la Comisar\u00eda de la Mujer\u201d defini\u00f3 Cecilia Krivochen.<\/p>\n<figure id=\"attachment_19608\" aria-describedby=\"caption-attachment-19608\" style=\"width: 800px\" class=\"wp-caption aligncenter\"><img data-recalc-dims=\"1\" loading=\"lazy\" decoding=\"async\" class=\"wp-image-19608 size-large\" src=\"https:\/\/i0.wp.com\/cdnoticias.com\/wp-content\/uploads\/2021\/04\/HCD-s-10.jpeg?resize=800%2C408&#038;ssl=1\" alt=\"\" width=\"800\" height=\"408\" srcset=\"https:\/\/i0.wp.com\/cdnoticias.com\/wp-content\/uploads\/2021\/04\/HCD-s-10.jpeg?resize=1024%2C522&amp;ssl=1 1024w, https:\/\/i0.wp.com\/cdnoticias.com\/wp-content\/uploads\/2021\/04\/HCD-s-10.jpeg?resize=300%2C153&amp;ssl=1 300w, https:\/\/i0.wp.com\/cdnoticias.com\/wp-content\/uploads\/2021\/04\/HCD-s-10.jpeg?resize=768%2C392&amp;ssl=1 768w, https:\/\/i0.wp.com\/cdnoticias.com\/wp-content\/uploads\/2021\/04\/HCD-s-10.jpeg?w=1155&amp;ssl=1 1155w\" sizes=\"auto, (max-width: 800px) 100vw, 800px\" \/><figcaption id=\"caption-attachment-19608\" class=\"wp-caption-text\">Mercedes Land\u00edvar, Frente de Todos.<\/figcaption><\/figure>\n<p>&nbsp;<\/p>\n<p class=\"western\">Sobre el cierre de su intervenci\u00f3n, la concejal del oficialismo tuvo en cuenta que <strong>la Municipalidad aporta \u201crecursos materiales y cuestiones de bioseguridad\u201d<\/strong> para los efectivos que se desempe\u00f1an en la Comisar\u00eda de la Mujer.<\/p>\n<p>&nbsp;<\/p>\n<p class=\"western\">Luego intervino la <strong>representante del interbloque Frente de Todos, Mercedes Land\u00edvar<\/strong>, quien tuvo en cuenta que <strong>la situaci\u00f3n \u201clleva muchos a\u00f1os y es m\u00e1s que preocupante\u201d<\/strong>.<\/p>\n<p>&nbsp;<\/p>\n<blockquote>\n<p class=\"western\">En lo que fue un cuestionamiento a Juntos por el Cambio por su gesti\u00f3n provincial a cargo de Mar\u00eda Eugenia Vidal y tambi\u00e9n a la \u201coportunidad\u201d de exposici\u00f3n de la concejal Krivochen, Land\u00edvar consider\u00f3 que \u201cno est\u00e1 bueno visibilizar las cosas cuando no nos compete a nosotros la responsabilidad\u201d.<\/p>\n<\/blockquote>\n<p>&nbsp;<\/p>\n<p class=\"western\">Por \u00faltimo expres\u00f3 su compromiso para que <strong>\u201cnuestro gobierno -en referencia a la gesti\u00f3n de Axel Kicillof- se haga cargo de esta situaci\u00f3n que no se hizo nunca\u201d<\/strong>.<\/p>\n<p>&nbsp;<\/p>\n<figure id=\"attachment_19803\" aria-describedby=\"caption-attachment-19803\" style=\"width: 800px\" class=\"wp-caption aligncenter\"><img data-recalc-dims=\"1\" loading=\"lazy\" decoding=\"async\" class=\"wp-image-19803 size-full\" src=\"https:\/\/i0.wp.com\/cdnoticias.com\/wp-content\/uploads\/2021\/04\/HCDsesion08.jpg?resize=800%2C445&#038;ssl=1\" alt=\"\" width=\"800\" height=\"445\" srcset=\"https:\/\/i0.wp.com\/cdnoticias.com\/wp-content\/uploads\/2021\/04\/HCDsesion08.jpg?w=800&amp;ssl=1 800w, https:\/\/i0.wp.com\/cdnoticias.com\/wp-content\/uploads\/2021\/04\/HCDsesion08.jpg?resize=300%2C167&amp;ssl=1 300w, https:\/\/i0.wp.com\/cdnoticias.com\/wp-content\/uploads\/2021\/04\/HCDsesion08.jpg?resize=768%2C427&amp;ssl=1 768w\" sizes=\"auto, (max-width: 800px) 100vw, 800px\" \/><figcaption id=\"caption-attachment-19803\" class=\"wp-caption-text\">Alicia Almada concejal de Renovaci\u00f3n Peronista.<\/figcaption><\/figure>\n<p>&nbsp;<\/p>\n<p class=\"western\">La concejal <strong>Alicia Almada (Renovaci\u00f3n Peronista)<\/strong>, quien es la presidenta de la comisi\u00f3n de G\u00e9nero, tambi\u00e9n intervino. <strong>\u201cNo podemos desconocer el problema de infraestructura y de falta de capacitaci\u00f3n y de la falta de personal\u201d<\/strong> se\u00f1al\u00f3 para recordar m\u00e1s adelante que <em>el tema se incluy\u00f3 en la ordenanza sobre la declaraci\u00f3n de la emergencia en violencia de g\u00e9nero de Olavarr\u00eda<\/em>.<\/p>\n<p>&nbsp;<\/p>\n<p class=\"western\">Explic\u00f3 que asiduamente, cuando se designa personal para las Comisar\u00edas de la Mujer no necesariamente est\u00e1 capacitado para atender la especificidad del tema y que, en general, cuando se capacita y adquiere experiencia es trasladado a otra dependencia. <strong>\u201cCelebro que este problema se pueda poner en discusi\u00f3n en el Concejo\u201d<\/strong> a\u00f1adi\u00f3 Almada.<\/p>\n<p>&nbsp;<\/p>\n<p class=\"western\"><strong>\u201cAbordaje integral\u201d<\/strong><\/p>\n<p>&nbsp;<\/p>\n<p class=\"western\">En los considerandos de la iniciativa se refiri\u00f3 que \u201cante la falta de recursos, <strong>ha sido el Municipio a trav\u00e9s de la Subsecretar\u00eda de Seguridad, quien ha prove\u00eddo de insumos a la Comisar\u00eda de la Mujer y la Familia<\/strong>, tales como <em>elementos de higiene, de seguridad, de limpieza, insumos de librer\u00eda, de pinturer\u00eda, combustible, sumado a los servicios de arreglos y mantenimiento tecnol\u00f3gico y de veh\u00edculos<\/em>\u201d.<\/p>\n<p>&nbsp;<\/p>\n<figure id=\"attachment_19802\" aria-describedby=\"caption-attachment-19802\" style=\"width: 800px\" class=\"wp-caption aligncenter\"><img data-recalc-dims=\"1\" loading=\"lazy\" decoding=\"async\" class=\"wp-image-19802 size-full\" src=\"https:\/\/i0.wp.com\/cdnoticias.com\/wp-content\/uploads\/2021\/04\/comisaria-de-la-mujer01-800x445.jpg?resize=800%2C445&#038;ssl=1\" alt=\"\" width=\"800\" height=\"445\" srcset=\"https:\/\/i0.wp.com\/cdnoticias.com\/wp-content\/uploads\/2021\/04\/comisaria-de-la-mujer01-800x445.jpg?resize=800%2C445&amp;ssl=1 800w, https:\/\/i0.wp.com\/cdnoticias.com\/wp-content\/uploads\/2021\/04\/comisaria-de-la-mujer01-800x445.jpg?resize=300%2C167&amp;ssl=1 300w, https:\/\/i0.wp.com\/cdnoticias.com\/wp-content\/uploads\/2021\/04\/comisaria-de-la-mujer01-800x445.jpg?resize=768%2C427&amp;ssl=1 768w\" sizes=\"auto, (max-width: 800px) 100vw, 800px\" \/><figcaption id=\"caption-attachment-19802\" class=\"wp-caption-text\">La Comisar\u00eda de la Mujer funciona desde 2007 en Olavarr\u00eda.<\/figcaption><\/figure>\n<p>&nbsp;<\/p>\n<p>&nbsp;<\/p>\n<blockquote>\n<p class=\"western\">En referencia a la desintegraci\u00f3n del \u201cequipo interdisciplinario\u201d, se defini\u00f3 como \u201cprioritario en el marco del trabajo que se viene realizando a nivel local, que se resuelva esta situaci\u00f3n a la brevedad\u201d.<\/p>\n<\/blockquote>\n<p>&nbsp;<\/p>\n<p class=\"western\">Se tuvo en cuenta que con ello se permite \u201c<strong>dar respuesta al abordaje integral<\/strong> en la urgencia de las v\u00edctimas que se acercan a la Comisar\u00eda de la Mujer y la Familia\u201d.<\/p>\n<p>&nbsp;<\/p>\n<p class=\"western\"><strong>Acuerdo con los medios de comunicaci\u00f3n<\/strong><\/p>\n<p>&nbsp;<\/p>\n<p class=\"western\">Tambi\u00e9n en la sesi\u00f3n del jueves pasado, <strong>los concejales aprobaron por unanimidad una expresi\u00f3n de \u201cbenepl\u00e1cito\u201d por el acuerdo firmado entre la Municipalidad y los medios de comunicaci\u00f3n de Olavarr\u00eda<\/strong> \u201cpara desarrollar estrategias conjuntas<strong> sobre noticias de violencia de g\u00e9nero<\/strong>\u201d.<\/p>\n<p>&nbsp;<\/p>\n<p class=\"western\">La concejal Krivochen, quien impuls\u00f3 el proyecto, record\u00f3 que <a href=\"https:\/\/cdnoticias.com\/index.php\/2021\/03\/26\/compromiso-para-el-tratamiento-responsable-de-las-situaciones-de-violencia-de-genero\/\" target=\"_blank\" rel=\"noopener\">la firma se dio el 26 de marzo pasado<\/a> y que <strong>participaron 16 medios locales<\/strong>. <em>\u201cTiene que ver con trabajar de manera conjunta respecto del tratamiento informativo adecuado de situaciones de violencia y que involucran a mujeres, ni\u00f1os, ni\u00f1as, adolescentes, y personas LGTBIQ+\u201d<\/em> dijo.<\/p>\n<p>&nbsp;<\/p>\n<figure id=\"attachment_17220\" aria-describedby=\"caption-attachment-17220\" style=\"width: 800px\" class=\"wp-caption aligncenter\"><img data-recalc-dims=\"1\" loading=\"lazy\" decoding=\"async\" class=\"wp-image-17220 size-large\" src=\"https:\/\/i0.wp.com\/cdnoticias.com\/wp-content\/uploads\/2021\/03\/IMG-20210326-WA0034.jpg?resize=800%2C534&#038;ssl=1\" alt=\"\" width=\"800\" height=\"534\" srcset=\"https:\/\/i0.wp.com\/cdnoticias.com\/wp-content\/uploads\/2021\/03\/IMG-20210326-WA0034.jpg?resize=1024%2C683&amp;ssl=1 1024w, https:\/\/i0.wp.com\/cdnoticias.com\/wp-content\/uploads\/2021\/03\/IMG-20210326-WA0034.jpg?resize=300%2C200&amp;ssl=1 300w, https:\/\/i0.wp.com\/cdnoticias.com\/wp-content\/uploads\/2021\/03\/IMG-20210326-WA0034.jpg?resize=768%2C512&amp;ssl=1 768w, https:\/\/i0.wp.com\/cdnoticias.com\/wp-content\/uploads\/2021\/03\/IMG-20210326-WA0034.jpg?resize=272%2C182&amp;ssl=1 272w, https:\/\/i0.wp.com\/cdnoticias.com\/wp-content\/uploads\/2021\/03\/IMG-20210326-WA0034.jpg?w=1114&amp;ssl=1 1114w\" sizes=\"auto, (max-width: 800px) 100vw, 800px\" \/><figcaption id=\"caption-attachment-17220\" class=\"wp-caption-text\">El 26 de marzo se present\u00f3 y firm\u00f3 el convenio para el abordaje informativo de situaciones de violencia de g\u00e9nero.<\/figcaption><\/figure>\n<p>&nbsp;<\/p>\n<p class=\"western\">En ese marco, destac\u00f3 <strong>la \u201cinstancia de monitoreo\u201d<\/strong> que llevan adelante autoridades de la Municipalidad y de la Mesa Local para analizar la comunicaci\u00f3n local sobre estos temas.<\/p>\n<p>&nbsp;<\/p>\n<p class=\"western\"><strong>\u201cSon los medios que deben asumir un rol comprometido y \u00e9tico\u201d<\/strong> defini\u00f3 Krivochen. En ese marco, record\u00f3 lo sucedido<a href=\"https:\/\/cdnoticias.com\/index.php\/2021\/04\/08\/insisten-en-la-responsabilidad-etica-a-la-hora-de-informar\/\" target=\"_blank\" rel=\"noopener\"> a principios de abril<\/a> cuando se se\u00f1al\u00f3 como <strong>aspecto negativo<\/strong> <em>la exposici\u00f3n de la \u201csituaci\u00f3n de vulnerabilidad de dos personas con inadecuado tratamiento de su imagen y de la informaci\u00f3n\u201d<\/em> y, por otro lado, <strong>resalt\u00f3 como positivo<\/strong> que, tambi\u00e9n a principios de abril,<em> en otra publicaci\u00f3n, un medio explicit\u00f3 el compromiso asumido ante la publicaci\u00f3n de informaci\u00f3n judicial sobre un caso de violencia de g\u00e9nero<\/em>.<\/p>\n<p>&nbsp;<\/p>\n<p class=\"western\">La <strong>concejal del interbloque Frente de Todos, In\u00e9s Creimer<\/strong>, tambi\u00e9n intervino sobre este tema para se\u00f1alar que la iniciativa surgi\u00f3 de la Mesa Local y que <strong>\u201centendemos que es un camino largo\u201d<\/strong> en referencia a la formaci\u00f3n y capacitaci\u00f3n de los trabajadores de los medios para informar correctamente sobre estos temas.<\/p>\n<p>&nbsp;<\/p>\n<p class=\"western\">La comunicaci\u00f3n fue aprobada <strong>por unanimidad<\/strong>.<\/p>\n","protected":false},"excerpt":{"rendered":"<p>Con ello aval\u00f3 y reforz\u00f3 un pedido de la Mesa Local contra la Violencia de G\u00e9nero al Ministerio de Seguridad.<\/p>\n","protected":false},"author":4,"featured_media":19800,"comment_status":"closed","ping_status":"closed","sticky":false,"template":"","format":"standard","meta":{"_jetpack_memberships_contains_paid_content":false,"footnotes":""},"categories":[3,1],"tags":[],"class_list":["post-19798","post","type-post","status-publish","format-standard","has-post-thumbnail","hentry","category-genero","category-portada"],"jetpack_featured_media_url":"https:\/\/i0.wp.com\/cdnoticias.com\/wp-content\/uploads\/2021\/04\/comisaria-de-la-mujer02-800x445.jpg?fit=800%2C445&ssl=1","jetpack_sharing_enabled":true,"_links":{"self":[{"href":"https:\/\/cdnoticias.com\/index.php\/wp-json\/wp\/v2\/posts\/19798","targetHints":{"allow":["GET"]}}],"collection":[{"href":"https:\/\/cdnoticias.com\/index.php\/wp-json\/wp\/v2\/posts"}],"about":[{"href":"https:\/\/cdnoticias.com\/index.php\/wp-json\/wp\/v2\/types\/post"}],"author":[{"embeddable":true,"href":"https:\/\/cdnoticias.com\/index.php\/wp-json\/wp\/v2\/users\/4"}],"replies":[{"embeddable":true,"href":"https:\/\/cdnoticias.com\/index.php\/wp-json\/wp\/v2\/comments?post=19798"}],"version-history":[{"count":0,"href":"https:\/\/cdnoticias.com\/index.php\/wp-json\/wp\/v2\/posts\/19798\/revisions"}],"wp:featuredmedia":[{"embeddable":true,"href":"https:\/\/cdnoticias.com\/index.php\/wp-json\/wp\/v2\/media\/19800"}],"wp:attachment":[{"href":"https:\/\/cdnoticias.com\/index.php\/wp-json\/wp\/v2\/media?parent=19798"}],"wp:term":[{"taxonomy":"category","embeddable":true,"href":"https:\/\/cdnoticias.com\/index.php\/wp-json\/wp\/v2\/categories?post=19798"},{"taxonomy":"post_tag","embeddable":true,"href":"https:\/\/cdnoticias.com\/index.php\/wp-json\/wp\/v2\/tags?post=19798"}],"curies":[{"name":"wp","href":"https:\/\/api.w.org\/{rel}","templated":true}]}}