{"id":19788,"date":"2021-04-24T18:24:31","date_gmt":"2021-04-24T21:24:31","guid":{"rendered":"http:\/\/www.centraldenoticias.com.ar\/?p=19788"},"modified":"2021-04-24T20:54:03","modified_gmt":"2021-04-24T23:54:03","slug":"la-cnrt-tambien-despidio-a-mario-meoni","status":"publish","type":"post","link":"https:\/\/cdnoticias.com\/index.php\/2021\/04\/24\/la-cnrt-tambien-despidio-a-mario-meoni\/","title":{"rendered":"La CNRT tambi\u00e9n despidi\u00f3 a Mario Meoni"},"content":{"rendered":"<p class=\"western\">En el plano local fue el titular de la delegaci\u00f3n regional Olavarr\u00eda, Gast\u00f3n Sarachu quien destac\u00f3 la figura del ministro nacional. \u201cHonr\u00f3 la funci\u00f3n p\u00fablica\u201d valor\u00f3.<!--more--><\/p>\n<hr \/>\n<p class=\"western\"><strong>La Comisi\u00f3n Nacional de Regulaci\u00f3n del Transporte (CNRT)<\/strong>, organismo dependiente del Ministerio de Transporte de la Naci\u00f3n, <strong>despidi\u00f3 al ministro nacional Mario Meoni fallecido en un siniestro vial<\/strong> en la noche del viernes.<\/p>\n<p>&nbsp;<\/p>\n<p class=\"western\">En el plano local fue <strong>el titular de la delegaci\u00f3n regional Olavarr\u00eda de la CNRT, Gast\u00f3n Sarachu<\/strong>, quien destac\u00f3 la figura del titular de la cartera de Transporte.<\/p>\n<blockquote class=\"twitter-tweet\">\n<p dir=\"ltr\" lang=\"es\">Desde el equipo de CNRT Olavarr\u00eda despedimos con inmenso dolor a Mario Meoni que honr\u00f3 la funci\u00f3n p\u00fablica, con compromiso y capacidad de gesti\u00f3n.<\/p>\n<p>Acompa\u00f1amos a su familia y seres queridos en este doloroso momento. <a href=\"https:\/\/t.co\/3sYYXsb36G\">pic.twitter.com\/3sYYXsb36G<\/a><\/p>\n<p>\u2014 Gaston Sarachu (@G_Sarachu) <a href=\"https:\/\/twitter.com\/G_Sarachu\/status\/1386029196766597125?ref_src=twsrc%5Etfw\">April 24, 2021<\/a><\/p><\/blockquote>\n<p><script async src=\"https:\/\/platform.twitter.com\/widgets.js\" charset=\"utf-8\"><\/script><\/p>\n<blockquote>\n<p class=\"western\">\u201cDesde el equipo de CNRT Olavarr\u00eda despedimos con inmenso dolor a Mario Meoni que honr\u00f3 la funci\u00f3n p\u00fablica, con compromiso y capacidad de gesti\u00f3n\u201d valor\u00f3 el subdelegado.<\/p>\n<\/blockquote>\n<p>&nbsp;<\/p>\n<p class=\"western\">Se sum\u00f3 as\u00ed a las <a href=\"https:\/\/cdnoticias.com\/index.php\/2021\/04\/24\/muchas-veces-sonamos-un-pais-mejor-la-despedida-de-eseverri-para-meoni\/\" target=\"_blank\" rel=\"noopener\">expresiones de numerosos dirigentes nacionales y locales<\/a> que se expresaron con <strong>conmoci\u00f3n y dolor<\/strong> por la muerte de Meoni.<\/p>\n<p>&nbsp;<\/p>\n<p><img data-recalc-dims=\"1\" loading=\"lazy\" decoding=\"async\" class=\"aligncenter wp-image-19748 size-large\" src=\"https:\/\/i0.wp.com\/cdnoticias.com\/wp-content\/uploads\/2021\/04\/dib-Mario-Meoni-4-1024x682-1024x682.jpg?resize=800%2C533&#038;ssl=1\" alt=\"\" width=\"800\" height=\"533\" srcset=\"https:\/\/i0.wp.com\/cdnoticias.com\/wp-content\/uploads\/2021\/04\/dib-Mario-Meoni-4-1024x682.jpg?resize=1024%2C682&amp;ssl=1 1024w, https:\/\/i0.wp.com\/cdnoticias.com\/wp-content\/uploads\/2021\/04\/dib-Mario-Meoni-4-1024x682.jpg?resize=300%2C200&amp;ssl=1 300w, https:\/\/i0.wp.com\/cdnoticias.com\/wp-content\/uploads\/2021\/04\/dib-Mario-Meoni-4-1024x682.jpg?resize=768%2C512&amp;ssl=1 768w, https:\/\/i0.wp.com\/cdnoticias.com\/wp-content\/uploads\/2021\/04\/dib-Mario-Meoni-4-1024x682.jpg?resize=272%2C182&amp;ssl=1 272w\" sizes=\"auto, (max-width: 800px) 100vw, 800px\" \/><\/p>\n","protected":false},"excerpt":{"rendered":"<p>En el plano local fue el titular de la delegaci\u00f3n regional Olavarr\u00eda, Gast\u00f3n Sarachu quien destac\u00f3 la figura del ministro<\/p>\n","protected":false},"author":4,"featured_media":11625,"comment_status":"closed","ping_status":"closed","sticky":false,"template":"","format":"standard","meta":{"_jetpack_memberships_contains_paid_content":false,"footnotes":""},"categories":[6,1],"tags":[],"class_list":["post-19788","post","type-post","status-publish","format-standard","has-post-thumbnail","hentry","category-nacionales","category-portada"],"jetpack_featured_media_url":"https:\/\/i0.wp.com\/cdnoticias.com\/wp-content\/uploads\/2021\/01\/cnrt-800x445.jpg?fit=1280%2C712&ssl=1","jetpack_sharing_enabled":true,"_links":{"self":[{"href":"https:\/\/cdnoticias.com\/index.php\/wp-json\/wp\/v2\/posts\/19788","targetHints":{"allow":["GET"]}}],"collection":[{"href":"https:\/\/cdnoticias.com\/index.php\/wp-json\/wp\/v2\/posts"}],"about":[{"href":"https:\/\/cdnoticias.com\/index.php\/wp-json\/wp\/v2\/types\/post"}],"author":[{"embeddable":true,"href":"https:\/\/cdnoticias.com\/index.php\/wp-json\/wp\/v2\/users\/4"}],"replies":[{"embeddable":true,"href":"https:\/\/cdnoticias.com\/index.php\/wp-json\/wp\/v2\/comments?post=19788"}],"version-history":[{"count":0,"href":"https:\/\/cdnoticias.com\/index.php\/wp-json\/wp\/v2\/posts\/19788\/revisions"}],"wp:featuredmedia":[{"embeddable":true,"href":"https:\/\/cdnoticias.com\/index.php\/wp-json\/wp\/v2\/media\/11625"}],"wp:attachment":[{"href":"https:\/\/cdnoticias.com\/index.php\/wp-json\/wp\/v2\/media?parent=19788"}],"wp:term":[{"taxonomy":"category","embeddable":true,"href":"https:\/\/cdnoticias.com\/index.php\/wp-json\/wp\/v2\/categories?post=19788"},{"taxonomy":"post_tag","embeddable":true,"href":"https:\/\/cdnoticias.com\/index.php\/wp-json\/wp\/v2\/tags?post=19788"}],"curies":[{"name":"wp","href":"https:\/\/api.w.org\/{rel}","templated":true}]}}