{"id":197829,"date":"2026-03-19T07:59:22","date_gmt":"2026-03-19T10:59:22","guid":{"rendered":"https:\/\/cdnoticias.com\/?p=197829"},"modified":"2026-03-19T10:14:03","modified_gmt":"2026-03-19T13:14:03","slug":"estudiantes-afronta-su-primer-desafio-como-visitante-en-la-liga-federal","status":"publish","type":"post","link":"https:\/\/cdnoticias.com\/index.php\/2026\/03\/19\/estudiantes-afronta-su-primer-desafio-como-visitante-en-la-liga-federal\/","title":{"rendered":"Estudiantes afronta su primer desaf\u00edo como visitante en la Liga Federal"},"content":{"rendered":"\n<p>El equipo albinegro visita este jueves a Sportivo Independiente de General Pico en un exigente compromiso de la zona, con la ilusi\u00f3n de sumar fuera de casa.<\/p>\n\n\n\n<hr class=\"wp-block-separator aligncenter has-alpha-channel-opacity\"\/>\n\n\n\n<p>Fotos e informaci\u00f3n: Prensa CAE<\/p>\n\n\n\n<p>El equipo de la <strong>Liga Federal del Club Atl\u00e9tico Estudiantes disputar\u00e1 este jueves su primer partido como visitante en la presente temporada cuando enfrente a Sportivo Independiente de General Pico<\/strong>, en un encuentro que se presenta como uno de los desaf\u00edos m\u00e1s exigentes de la zona.<\/p>\n\n\n\n<p>La delegaci\u00f3n albinegra parti\u00f3 este mi\u00e9rcoles a las 13 rumbo a La Pampa, luego de <strong>una semana de intensa preparaci\u00f3n en la que el plantel trabaj\u00f3 tanto en lo f\u00edsico como en lo t\u00e1ctico, ajustando detalles y consolidando su identidad de juego de cara al compromiso.<\/strong><\/p>\n\n\n\n<figure class=\"wp-block-image size-large\"><img data-recalc-dims=\"1\" loading=\"lazy\" decoding=\"async\" width=\"768\" height=\"1024\" src=\"https:\/\/i0.wp.com\/cdnoticias.com\/wp-content\/uploads\/2026\/03\/estudiantes-basquet-federal1.jpeg?resize=768%2C1024&#038;ssl=1\" alt=\"\" class=\"wp-image-197830\" srcset=\"https:\/\/i0.wp.com\/cdnoticias.com\/wp-content\/uploads\/2026\/03\/estudiantes-basquet-federal1.jpeg?resize=768%2C1024&amp;ssl=1 768w, https:\/\/i0.wp.com\/cdnoticias.com\/wp-content\/uploads\/2026\/03\/estudiantes-basquet-federal1.jpeg?resize=225%2C300&amp;ssl=1 225w, https:\/\/i0.wp.com\/cdnoticias.com\/wp-content\/uploads\/2026\/03\/estudiantes-basquet-federal1.jpeg?resize=1152%2C1536&amp;ssl=1 1152w, https:\/\/i0.wp.com\/cdnoticias.com\/wp-content\/uploads\/2026\/03\/estudiantes-basquet-federal1.jpeg?w=1200&amp;ssl=1 1200w\" sizes=\"auto, (max-width: 768px) 100vw, 768px\" \/><\/figure>\n\n\n\n<p>El conjunto dirigido por Mariano Iglesias tendr\u00e1 enfrente a un <strong>rival con experiencia en la categor\u00eda y que se hace fuerte en condici\u00f3n de local, lo que eleva el nivel de exigencia para un equipo que busca sostener su rendimiento y continuar en crecimiento dentro de la competencia.<\/strong><\/p>\n\n\n\n<p>En la previa del encuentro<strong>, Santiago Arese<\/strong>, uno de los referentes del plantel, se refiri\u00f3 a su regreso al club y al momento que atraviesa el equipo. <em>\u201cLa vuelta tiene mucho de lo afectivo. No hab\u00eda compartido tanto tiempo ac\u00e1 y se dio todo para regresar. Cuando me hablaron del proyecto, me interes\u00f3 mucho y se termin\u00f3 cerrando un c\u00edrculo para volver a estar en Estudiantes\u201d<\/em>, expres\u00f3.<\/p>\n\n\n\n<p>En relaci\u00f3n a lo que significa volver a vestir la camiseta albinegra, se\u00f1al\u00f3:<em><strong> \u201cHoy vuelvo con el compromiso de representar a un club muy grande, con mucha historia, y tratar de hacerlo de la mejor manera en cada cancha\u201d.<\/strong><\/em><\/p>\n\n\n\n<p>Tambi\u00e9n destac\u00f3 la experiencia de haber disputado su primer cl\u00e1sico en la ciudad:<em> \u201cFue una experiencia hermosa, con la gente de los dos lados alentando todo el partido. Por suerte pudimos ganar, pero ahora estamos enfocados en lo que viene\u201d.<\/em><\/p>\n\n\n\n<p>Sobre el partido de este jueves, Arese subray\u00f3 la importancia del desaf\u00edo:<em> \u201cSabemos que es un rival duro y que de local se hace fuerte. Durante la semana fuimos preparando el juego y ya, cuando estemos all\u00e1, nos enfocaremos en lo espec\u00edfico para llegar de la mejor manera\u201d.<\/em><\/p>\n\n\n\n<p>En cuanto a su rol dentro del equipo, indic\u00f3 que busca aportar orden y experiencia: <em><strong>\u201cTrato de tomar buenas decisiones y, cuando me toca, aprovechar los tiros. Con Fede tenemos el compromiso de acompa\u00f1ar a los m\u00e1s chicos y transmitirles lo que significa esta camiseta\u201d.<\/strong><\/em><\/p>\n\n\n\n<p>El plantel de Estudiantes est\u00e1 integrado por Federico Mar\u00edn, Santiago Arese, Adriano Maretto, Franco Piccinelli, El\u00edas Molina, Ignacio Murias, Mateo Frami\u00f1an, Valentino Cuadrillero, Juan Emilio Ulloa, Mateo Neuville, Luca Mar\u00edn y Francisco Bahl.<\/p>\n\n\n\n<p>Por su parte, Sportivo Independiente contar\u00e1 con Juli\u00e1n Costa, Juan Cruz Carnelli, Joaqu\u00edn Baeza, Joaqu\u00edn Raffaelli, Ezequiel Dupuy, Esteban C\u00e1ffaro, Joaqu\u00edn Roig, Santiago Ballarena, Valent\u00edn Ojeda, Cristian Scaramuzzino, Agust\u00edn Mas Delfino y Gian Luca Rossi.<\/p>\n\n\n\n<p>La delegaci\u00f3n albinegra se aloja en el Hotel Pico, donde realizar\u00e1 el reconocimiento del estadio y los \u00faltimos entrenamientos previos al encuentro.<\/p>\n\n\n\n<p>Antes del partido, Arese tambi\u00e9n dej\u00f3 un mensaje para los hinchas<strong><em>: \u201cMe siento muy querido en el club. La \u00fanica forma de devolver ese cari\u00f1o es dentro de la cancha, tratando de ganar y que la gente se sienta representada\u201d.<\/em><\/strong><\/p>\n\n\n\n<p>Estudiantes buscar\u00e1 competir de igual a igual en un escenario complejo y dar un paso importante en su recorrido dentro de la Liga Federal.<\/p>\n\n\n\n<p><\/p>\n","protected":false},"excerpt":{"rendered":"<p>El equipo albinegro visita este jueves a Sportivo Independiente de General Pico en un exigente compromiso de la zona, con<\/p>\n","protected":false},"author":2,"featured_media":197831,"comment_status":"closed","ping_status":"closed","sticky":false,"template":"","format":"standard","meta":{"_jetpack_memberships_contains_paid_content":false,"footnotes":""},"categories":[31,29,1],"tags":[],"class_list":["post-197829","post","type-post","status-publish","format-standard","has-post-thumbnail","hentry","category-basquet","category-deportes","category-portada"],"jetpack_featured_media_url":"https:\/\/i0.wp.com\/cdnoticias.com\/wp-content\/uploads\/2026\/03\/estudiantes-basquet-federal.jpeg?fit=2560%2C1706&ssl=1","jetpack_sharing_enabled":true,"_links":{"self":[{"href":"https:\/\/cdnoticias.com\/index.php\/wp-json\/wp\/v2\/posts\/197829","targetHints":{"allow":["GET"]}}],"collection":[{"href":"https:\/\/cdnoticias.com\/index.php\/wp-json\/wp\/v2\/posts"}],"about":[{"href":"https:\/\/cdnoticias.com\/index.php\/wp-json\/wp\/v2\/types\/post"}],"author":[{"embeddable":true,"href":"https:\/\/cdnoticias.com\/index.php\/wp-json\/wp\/v2\/users\/2"}],"replies":[{"embeddable":true,"href":"https:\/\/cdnoticias.com\/index.php\/wp-json\/wp\/v2\/comments?post=197829"}],"version-history":[{"count":0,"href":"https:\/\/cdnoticias.com\/index.php\/wp-json\/wp\/v2\/posts\/197829\/revisions"}],"wp:featuredmedia":[{"embeddable":true,"href":"https:\/\/cdnoticias.com\/index.php\/wp-json\/wp\/v2\/media\/197831"}],"wp:attachment":[{"href":"https:\/\/cdnoticias.com\/index.php\/wp-json\/wp\/v2\/media?parent=197829"}],"wp:term":[{"taxonomy":"category","embeddable":true,"href":"https:\/\/cdnoticias.com\/index.php\/wp-json\/wp\/v2\/categories?post=197829"},{"taxonomy":"post_tag","embeddable":true,"href":"https:\/\/cdnoticias.com\/index.php\/wp-json\/wp\/v2\/tags?post=197829"}],"curies":[{"name":"wp","href":"https:\/\/api.w.org\/{rel}","templated":true}]}}