{"id":19778,"date":"2021-04-24T17:26:30","date_gmt":"2021-04-24T20:26:30","guid":{"rendered":"http:\/\/www.centraldenoticias.com.ar\/?p=19778"},"modified":"2021-04-24T17:31:29","modified_gmt":"2021-04-24T20:31:29","slug":"tendencia-semanal-a-la-baja-68-nuevos-casos-de-covid-y-70-internados","status":"publish","type":"post","link":"https:\/\/cdnoticias.com\/index.php\/2021\/04\/24\/tendencia-semanal-a-la-baja-68-nuevos-casos-de-covid-y-70-internados\/","title":{"rendered":"Tendencia semanal a la baja: 68 nuevos casos de Covid y 70 internados"},"content":{"rendered":"<p class=\"western\"><span style=\"color: #000080;\"><span lang=\"zxx\"><span style=\"color: #000000;\"><span lang=\"es-ES\">Hay 768 pacientes <\/span><\/span><\/span><\/span><span style=\"color: #000080;\"><span lang=\"zxx\"><span style=\"color: #000000;\"><span lang=\"es-ES\">activos<\/span><\/span><\/span><\/span><span style=\"color: #000080;\"><span lang=\"zxx\"><span style=\"color: #000000;\"><span lang=\"es-ES\"> en Olavarr\u00eda, 15% son mayores de 60 a\u00f1os. <\/span><\/span><\/span><\/span><span style=\"color: #000080;\"><span lang=\"zxx\"><span style=\"color: #000000;\"><span lang=\"es-ES\">Se superaron los 11.000 casos confirmados desde el inicio de la pandemia.<\/span><\/span><\/span><\/span><\/p>\n<hr \/>\n<p class=\"western\"><!--more--><\/p>\n<p class=\"western\"><span style=\"color: #000080;\"><span lang=\"zxx\"><span style=\"color: #000000;\"><span lang=\"es-ES\">La Secretar\u00eda de Salud del Municipio emiti\u00f3 el <a href=\"https:\/\/cdnoticias.com\/index.php\/2021\/04\/24\/informe-covid-un-paciente-fallecio-y-totalizan-193-los-decesos\/\" target=\"_blank\" rel=\"noopener\">reporte sanitario de este <\/a><\/span><\/span><\/span><\/span><span style=\"color: #000080;\"><span lang=\"zxx\"><span style=\"color: #000000;\"><span lang=\"es-ES\">s\u00e1bado con los casos de Covid en Olavarr\u00eda.<\/span><\/span><\/span><\/span><\/p>\n<p>&nbsp;<\/p>\n<p class=\"western\"><span style=\"color: #000080;\"><span lang=\"zxx\"><span style=\"color: #000000;\"><span lang=\"es-ES\">Se detall\u00f3 que<strong> se analizaron <\/strong><\/span><\/span><\/span><\/span><span style=\"color: #000080;\"><span lang=\"zxx\"><span style=\"color: #000000;\"><span lang=\"es-ES\"><strong>195 muestras<\/strong>. <\/span><\/span><\/span><\/span><span style=\"color: #000080;\"><span lang=\"zxx\"><span style=\"color: #000000;\"><span lang=\"es-ES\">Con ello, se registraron <strong>68 nuevos casos<\/strong> y 127 an\u00e1lisis resultaron negativos.<\/span><\/span><\/span><\/span><\/p>\n<p><img data-recalc-dims=\"1\" loading=\"lazy\" decoding=\"async\" class=\"alignnone wp-image-19779\" src=\"https:\/\/i0.wp.com\/cdnoticias.com\/wp-content\/uploads\/2021\/04\/parte-sanitario-24-04-1.jpeg?resize=380%2C380&#038;ssl=1\" alt=\"\" width=\"380\" height=\"380\" srcset=\"https:\/\/i0.wp.com\/cdnoticias.com\/wp-content\/uploads\/2021\/04\/parte-sanitario-24-04-1.jpeg?resize=300%2C300&amp;ssl=1 300w, https:\/\/i0.wp.com\/cdnoticias.com\/wp-content\/uploads\/2021\/04\/parte-sanitario-24-04-1.jpeg?resize=150%2C150&amp;ssl=1 150w, https:\/\/i0.wp.com\/cdnoticias.com\/wp-content\/uploads\/2021\/04\/parte-sanitario-24-04-1.jpeg?resize=768%2C768&amp;ssl=1 768w, https:\/\/i0.wp.com\/cdnoticias.com\/wp-content\/uploads\/2021\/04\/parte-sanitario-24-04-1.jpeg?resize=1024%2C1024&amp;ssl=1 1024w, https:\/\/i0.wp.com\/cdnoticias.com\/wp-content\/uploads\/2021\/04\/parte-sanitario-24-04-1.jpeg?w=1280&amp;ssl=1 1280w\" sizes=\"auto, (max-width: 380px) 100vw, 380px\" \/><img data-recalc-dims=\"1\" loading=\"lazy\" decoding=\"async\" class=\"alignnone wp-image-19780\" src=\"https:\/\/i0.wp.com\/cdnoticias.com\/wp-content\/uploads\/2021\/04\/parte-sanitario-24-04-2.jpeg?resize=380%2C380&#038;ssl=1\" alt=\"\" width=\"380\" height=\"380\" srcset=\"https:\/\/i0.wp.com\/cdnoticias.com\/wp-content\/uploads\/2021\/04\/parte-sanitario-24-04-2.jpeg?resize=300%2C300&amp;ssl=1 300w, https:\/\/i0.wp.com\/cdnoticias.com\/wp-content\/uploads\/2021\/04\/parte-sanitario-24-04-2.jpeg?resize=150%2C150&amp;ssl=1 150w, https:\/\/i0.wp.com\/cdnoticias.com\/wp-content\/uploads\/2021\/04\/parte-sanitario-24-04-2.jpeg?resize=768%2C767&amp;ssl=1 768w, https:\/\/i0.wp.com\/cdnoticias.com\/wp-content\/uploads\/2021\/04\/parte-sanitario-24-04-2.jpeg?resize=1024%2C1024&amp;ssl=1 1024w, https:\/\/i0.wp.com\/cdnoticias.com\/wp-content\/uploads\/2021\/04\/parte-sanitario-24-04-2.jpeg?w=1280&amp;ssl=1 1280w\" sizes=\"auto, (max-width: 380px) 100vw, 380px\" \/><\/p>\n<p>&nbsp;<\/p>\n<p class=\"western\"><span style=\"color: #000080;\"><span lang=\"zxx\"><span style=\"color: #000000;\"><span lang=\"es-ES\">En tanto,<strong> 105 personas recibieron el alta<\/strong>. <\/span><\/span><\/span><\/span><span style=\"color: #000080;\"><span lang=\"zxx\"><span style=\"color: #000000;\"><span lang=\"es-ES\">Adem\u00e1s, p<\/span><\/span><\/span><\/span><span style=\"color: #000080;\"><span lang=\"zxx\"><span style=\"color: #000000;\"><span lang=\"es-ES\">ermanecen en estudio 93 casos sospechosos.<\/span><\/span><\/span><\/span><\/p>\n<p>&nbsp;<\/p>\n<blockquote>\n<p class=\"western\"><span style=\"color: #000080;\"><span lang=\"zxx\"><span style=\"color: #000000;\"><span lang=\"es-ES\">De esta manera, son 768 las personas que transitan la enfermedad en Olavarr\u00eda, con un promedio de edad de 41 a\u00f1os. <\/span><\/span><\/span><\/span><\/p>\n<\/blockquote>\n<p>&nbsp;<\/p>\n<p class=\"western\"><span style=\"color: #000080;\"><span lang=\"zxx\"><span style=\"color: #000000;\"><span lang=\"es-ES\">La franja de edad con menor cantidad de casos positivos es de<strong> 0 a 15 a\u00f1os (26 <\/strong><\/span><\/span><\/span><\/span><strong><span style=\"color: #000080;\"><span lang=\"zxx\"><span style=\"color: #000000;\"><span lang=\"es-ES\">pacientes<\/span><\/span><\/span><\/span><\/strong><span style=\"color: #000080;\"><span lang=\"zxx\"><span style=\"color: #000000;\"><span lang=\"es-ES\"><strong>)<\/strong> y la mayor de<strong> 36 a 50 a\u00f1os (213 <\/strong><\/span><\/span><\/span><\/span><strong><span style=\"color: #000080;\"><span lang=\"zxx\"><span style=\"color: #000000;\"><span lang=\"es-ES\">pacientes<\/span><\/span><\/span><\/span><\/strong><span style=\"color: #000080;\"><span lang=\"zxx\"><span style=\"color: #000000;\"><span lang=\"es-ES\"><strong>)<\/strong>.<\/span><\/span><\/span><\/span><\/p>\n<p>&nbsp;<\/p>\n<blockquote>\n<p class=\"western\"><span style=\"color: #000080;\"><span lang=\"zxx\"><span style=\"color: #000000;\"><span lang=\"es-ES\">Con los registros de este s\u00e1bado, se superaron los 11.000 casos confirmados de Covid en Olavarr\u00eda desde marzo de 2020 a la actualidad.<\/span><\/span><\/span><\/span><\/p>\n<\/blockquote>\n<p>&nbsp;<\/p>\n<p><img data-recalc-dims=\"1\" loading=\"lazy\" decoding=\"async\" class=\"aligncenter wp-image-19781\" src=\"https:\/\/i0.wp.com\/cdnoticias.com\/wp-content\/uploads\/2021\/04\/parte-sanitario-24-04-3.jpeg?resize=400%2C400&#038;ssl=1\" alt=\"\" width=\"400\" height=\"400\" srcset=\"https:\/\/i0.wp.com\/cdnoticias.com\/wp-content\/uploads\/2021\/04\/parte-sanitario-24-04-3.jpeg?resize=300%2C300&amp;ssl=1 300w, https:\/\/i0.wp.com\/cdnoticias.com\/wp-content\/uploads\/2021\/04\/parte-sanitario-24-04-3.jpeg?resize=150%2C150&amp;ssl=1 150w, https:\/\/i0.wp.com\/cdnoticias.com\/wp-content\/uploads\/2021\/04\/parte-sanitario-24-04-3.jpeg?resize=768%2C768&amp;ssl=1 768w, https:\/\/i0.wp.com\/cdnoticias.com\/wp-content\/uploads\/2021\/04\/parte-sanitario-24-04-3.jpeg?resize=1024%2C1024&amp;ssl=1 1024w, https:\/\/i0.wp.com\/cdnoticias.com\/wp-content\/uploads\/2021\/04\/parte-sanitario-24-04-3.jpeg?w=1280&amp;ssl=1 1280w\" sizes=\"auto, (max-width: 400px) 100vw, 400px\" \/><\/p>\n<p>&nbsp;<\/p>\n<p class=\"western\"><strong><span style=\"color: #000080;\"><span lang=\"zxx\"><span style=\"color: #000000;\"><span lang=\"es-ES\">Ocupaci\u00f3n hospitalaria<\/span><\/span><\/span><\/span><\/strong><\/p>\n<p>&nbsp;<\/p>\n<p class=\"western\"><span style=\"color: #000080;\"><span lang=\"zxx\"><span style=\"color: #000000;\"><span lang=\"es-ES\">En el Hospital Municipal \u201cDr. H\u00e9ctor M. Cura\u201d <strong>hay <\/strong><\/span><\/span><\/span><\/span><span style=\"color: #000080;\"><span lang=\"zxx\"><span style=\"color: #000000;\"><span lang=\"es-ES\"><strong>70 personas internadas<\/strong>: <\/span><\/span><\/span><\/span><strong><span style=\"color: #000080;\"><span lang=\"zxx\"><span style=\"color: #000000;\"><span lang=\"es-ES\">14 <\/span><\/span><\/span><\/span><span style=\"color: #000080;\"><span lang=\"zxx\"><span style=\"color: #000000;\"><span lang=\"es-ES\">est\u00e1n en <\/span><\/span><\/span><\/span><\/strong><span style=\"color: #000080;\"><span lang=\"zxx\"><span style=\"color: #000000;\"><span lang=\"es-ES\"><strong>la Unidad de Terapia Intensiva<\/strong> y<strong> 56 en Cl\u00ednica Covid<\/strong>. No hay pacientes internados en el sector de Pediatr\u00eda.<\/span><\/span><\/span><\/span><\/p>\n<p>&nbsp;<\/p>\n<blockquote>\n<p class=\"western\"><span style=\"color: #000080;\"><span lang=\"zxx\"><span style=\"color: #000000;\"><span lang=\"es-ES\">La ocupaci\u00f3n en UTI es de 70% y en la Sala Covid se mantiene en 100%, tal como ha sucedido casi sin cambios en las \u00faltimas tres semanas. A su vez, hay seis pacientes con Covid internados en la sala de Maternidad donde la ocupaci\u00f3n total es de 53%.<\/span><\/span><\/span><\/span><\/p>\n<\/blockquote>\n<p><img data-recalc-dims=\"1\" loading=\"lazy\" decoding=\"async\" class=\"alignnone wp-image-19782\" src=\"https:\/\/i0.wp.com\/cdnoticias.com\/wp-content\/uploads\/2021\/04\/parte-sanitario-24-04-5.jpeg?resize=380%2C380&#038;ssl=1\" alt=\"\" width=\"380\" height=\"380\" srcset=\"https:\/\/i0.wp.com\/cdnoticias.com\/wp-content\/uploads\/2021\/04\/parte-sanitario-24-04-5.jpeg?resize=300%2C300&amp;ssl=1 300w, https:\/\/i0.wp.com\/cdnoticias.com\/wp-content\/uploads\/2021\/04\/parte-sanitario-24-04-5.jpeg?resize=150%2C150&amp;ssl=1 150w, https:\/\/i0.wp.com\/cdnoticias.com\/wp-content\/uploads\/2021\/04\/parte-sanitario-24-04-5.jpeg?resize=768%2C768&amp;ssl=1 768w, https:\/\/i0.wp.com\/cdnoticias.com\/wp-content\/uploads\/2021\/04\/parte-sanitario-24-04-5.jpeg?resize=1024%2C1024&amp;ssl=1 1024w, https:\/\/i0.wp.com\/cdnoticias.com\/wp-content\/uploads\/2021\/04\/parte-sanitario-24-04-5.jpeg?w=1280&amp;ssl=1 1280w\" sizes=\"auto, (max-width: 380px) 100vw, 380px\" \/> <img data-recalc-dims=\"1\" loading=\"lazy\" decoding=\"async\" class=\"alignnone wp-image-19783\" src=\"https:\/\/i0.wp.com\/cdnoticias.com\/wp-content\/uploads\/2021\/04\/parte-sanitario-24-04-6.jpeg?resize=380%2C380&#038;ssl=1\" alt=\"\" width=\"380\" height=\"380\" srcset=\"https:\/\/i0.wp.com\/cdnoticias.com\/wp-content\/uploads\/2021\/04\/parte-sanitario-24-04-6.jpeg?resize=300%2C300&amp;ssl=1 300w, https:\/\/i0.wp.com\/cdnoticias.com\/wp-content\/uploads\/2021\/04\/parte-sanitario-24-04-6.jpeg?resize=150%2C150&amp;ssl=1 150w, https:\/\/i0.wp.com\/cdnoticias.com\/wp-content\/uploads\/2021\/04\/parte-sanitario-24-04-6.jpeg?resize=768%2C768&amp;ssl=1 768w, https:\/\/i0.wp.com\/cdnoticias.com\/wp-content\/uploads\/2021\/04\/parte-sanitario-24-04-6.jpeg?resize=1024%2C1024&amp;ssl=1 1024w, https:\/\/i0.wp.com\/cdnoticias.com\/wp-content\/uploads\/2021\/04\/parte-sanitario-24-04-6.jpeg?w=1280&amp;ssl=1 1280w\" sizes=\"auto, (max-width: 380px) 100vw, 380px\" \/><\/p>\n<p class=\"western\"><strong><span style=\"color: #000080;\"><span lang=\"zxx\"><span style=\"color: #000000;\"><span lang=\"es-ES\">Tasas semanales<\/span><\/span><\/span><\/span><\/strong><\/p>\n<p>&nbsp;<\/p>\n<p class=\"western\"><span style=\"color: #000080;\"><span lang=\"zxx\"><span style=\"color: #000000;\"><span lang=\"es-ES\">Los principales indicadores mostraron que<strong> se sostuvo la tendencia a la baja de casos en Olavarr\u00eda a lo largo de los \u00faltimos siete d\u00edas<\/strong>.<\/span><\/span><\/span><\/span><\/p>\n<p>&nbsp;<\/p>\n<p class=\"western\"><span style=\"color: #000080;\"><span lang=\"zxx\"><span style=\"color: #000000;\"><span lang=\"es-ES\">En el promedio semanal<strong> la positividad se ha mantenido en torno al 36%<\/strong>, lo cual implica una muy leve suba respecto de la semana anterior.<\/span><\/span><\/span><\/span><\/p>\n<p>&nbsp;<\/p>\n<p class=\"western\"><span style=\"color: #000080;\"><span lang=\"zxx\"><span style=\"color: #000000;\"><span lang=\"es-ES\">En tanto, desde el Municipio se detall\u00f3 que \u201ca<\/span><\/span><\/span><\/span><span style=\"color: #000080;\"><span lang=\"zxx\"><span style=\"color: #000000;\"><span lang=\"es-ES\">l finalizar la semana epidemiol\u00f3gica este s\u00e1bado, <strong>la incidencia de casos es de 84.5<\/strong> y <strong>la raz\u00f3n de 0.8<\/strong>. En ambos casos,<strong> la valoraci\u00f3n del nivel de transmisi\u00f3n es medio<\/strong>\u201d.<\/span><\/span><\/span><\/span><\/p>\n","protected":false},"excerpt":{"rendered":"<p>Hay 768 pacientes activos en Olavarr\u00eda, 15% son mayores de 60 a\u00f1os. Se superaron los 11.000 casos confirmados desde el<\/p>\n","protected":false},"author":4,"featured_media":11383,"comment_status":"closed","ping_status":"closed","sticky":false,"template":"","format":"standard","meta":{"_jetpack_memberships_contains_paid_content":false,"footnotes":""},"categories":[5,1],"tags":[],"class_list":["post-19778","post","type-post","status-publish","format-standard","has-post-thumbnail","hentry","category-informacion-general","category-portada"],"jetpack_featured_media_url":"https:\/\/i0.wp.com\/cdnoticias.com\/wp-content\/uploads\/2021\/01\/Vista-Drone-Olavarr%C3%ADa-2.jpg?fit=1181%2C787&ssl=1","jetpack_sharing_enabled":true,"_links":{"self":[{"href":"https:\/\/cdnoticias.com\/index.php\/wp-json\/wp\/v2\/posts\/19778","targetHints":{"allow":["GET"]}}],"collection":[{"href":"https:\/\/cdnoticias.com\/index.php\/wp-json\/wp\/v2\/posts"}],"about":[{"href":"https:\/\/cdnoticias.com\/index.php\/wp-json\/wp\/v2\/types\/post"}],"author":[{"embeddable":true,"href":"https:\/\/cdnoticias.com\/index.php\/wp-json\/wp\/v2\/users\/4"}],"replies":[{"embeddable":true,"href":"https:\/\/cdnoticias.com\/index.php\/wp-json\/wp\/v2\/comments?post=19778"}],"version-history":[{"count":0,"href":"https:\/\/cdnoticias.com\/index.php\/wp-json\/wp\/v2\/posts\/19778\/revisions"}],"wp:featuredmedia":[{"embeddable":true,"href":"https:\/\/cdnoticias.com\/index.php\/wp-json\/wp\/v2\/media\/11383"}],"wp:attachment":[{"href":"https:\/\/cdnoticias.com\/index.php\/wp-json\/wp\/v2\/media?parent=19778"}],"wp:term":[{"taxonomy":"category","embeddable":true,"href":"https:\/\/cdnoticias.com\/index.php\/wp-json\/wp\/v2\/categories?post=19778"},{"taxonomy":"post_tag","embeddable":true,"href":"https:\/\/cdnoticias.com\/index.php\/wp-json\/wp\/v2\/tags?post=19778"}],"curies":[{"name":"wp","href":"https:\/\/api.w.org\/{rel}","templated":true}]}}