{"id":197778,"date":"2026-03-17T18:00:33","date_gmt":"2026-03-17T21:00:33","guid":{"rendered":"https:\/\/cdnoticias.com\/?p=197778"},"modified":"2026-03-31T14:27:09","modified_gmt":"2026-03-31T17:27:09","slug":"comerciantes-de-olavarria-reunen-casos-por-cobro-de-cuota-societaria-en-facturas-de-coopelectric","status":"publish","type":"post","link":"https:\/\/cdnoticias.com\/index.php\/2026\/03\/17\/comerciantes-de-olavarria-reunen-casos-por-cobro-de-cuota-societaria-en-facturas-de-coopelectric\/","title":{"rendered":"Comerciantes de Olavarr\u00eda re\u00fanen casos por cobro de cuota societaria en facturas de Coopelectric"},"content":{"rendered":"\n<p>La iniciativa busca fortalecer un reclamo colectivo ante Defensa del Consumidor. Convocan a enviar documentaci\u00f3n para sumar afectados y revertir la situaci\u00f3n.<\/p>\n\n\n\n<hr class=\"wp-block-separator aligncenter has-alpha-channel-opacity\"\/>\n\n\n\n<p>Un grupo <strong>autoconvocado de comerciantes de Olavarr\u00eda inici\u00f3 una convocatoria para reunir casos de locales que est\u00e9n siendo afectados por el cobro de la cuota societaria de Coopelectric en sus facturas de servicio.<\/strong><\/p>\n\n\n\n<p><\/p>\n\n\n\n<blockquote class=\"wp-block-quote is-layout-flow wp-block-quote-is-layout-flow\">\n<p>El objetivo de la iniciativa es sumar esos casos al reclamo colectivo que actualmente se tramita ante Defensa del Consumidor, con la intenci\u00f3n de revertir lo que consideran una situaci\u00f3n problem\u00e1tica para el sector comercial.<\/p>\n<\/blockquote>\n\n\n\n<p><\/p>\n\n\n\n<p>Seg\u00fan se inform\u00f3,<strong> los comerciantes que deseen participar deber\u00e1n enviar una foto o copia de la factura de Coopelectric y el n\u00famero de DNI del titular del servicio. Desde la organizaci\u00f3n aclararon que la informaci\u00f3n ser\u00e1 utilizada exclusivamente para incorporar los casos al reclamo.<\/strong><\/p>\n\n\n\n<p><\/p>\n\n\n\n<p>La convocatoria est\u00e1 dirigida a todos los comerciantes de la ciudad que atraviesen esta situaci\u00f3n. <strong>Para sumarse o recibir m\u00e1s informaci\u00f3n, los interesados pueden comunicarse al 2284 246020.<\/strong><\/p>\n","protected":false},"excerpt":{"rendered":"<p>La iniciativa busca fortalecer un reclamo colectivo ante Defensa del Consumidor. Convocan a enviar documentaci\u00f3n para sumar afectados y revertir<\/p>\n","protected":false},"author":2,"featured_media":133233,"comment_status":"closed","ping_status":"closed","sticky":false,"template":"","format":"standard","meta":{"_jetpack_memberships_contains_paid_content":false,"footnotes":""},"categories":[4,1],"tags":[],"class_list":["post-197778","post","type-post","status-publish","format-standard","has-post-thumbnail","hentry","category-politica","category-portada"],"jetpack_featured_media_url":"https:\/\/i0.wp.com\/cdnoticias.com\/wp-content\/uploads\/2024\/12\/comercios-ventas-00.jpg?fit=800%2C445&ssl=1","jetpack_sharing_enabled":true,"_links":{"self":[{"href":"https:\/\/cdnoticias.com\/index.php\/wp-json\/wp\/v2\/posts\/197778","targetHints":{"allow":["GET"]}}],"collection":[{"href":"https:\/\/cdnoticias.com\/index.php\/wp-json\/wp\/v2\/posts"}],"about":[{"href":"https:\/\/cdnoticias.com\/index.php\/wp-json\/wp\/v2\/types\/post"}],"author":[{"embeddable":true,"href":"https:\/\/cdnoticias.com\/index.php\/wp-json\/wp\/v2\/users\/2"}],"replies":[{"embeddable":true,"href":"https:\/\/cdnoticias.com\/index.php\/wp-json\/wp\/v2\/comments?post=197778"}],"version-history":[{"count":0,"href":"https:\/\/cdnoticias.com\/index.php\/wp-json\/wp\/v2\/posts\/197778\/revisions"}],"wp:featuredmedia":[{"embeddable":true,"href":"https:\/\/cdnoticias.com\/index.php\/wp-json\/wp\/v2\/media\/133233"}],"wp:attachment":[{"href":"https:\/\/cdnoticias.com\/index.php\/wp-json\/wp\/v2\/media?parent=197778"}],"wp:term":[{"taxonomy":"category","embeddable":true,"href":"https:\/\/cdnoticias.com\/index.php\/wp-json\/wp\/v2\/categories?post=197778"},{"taxonomy":"post_tag","embeddable":true,"href":"https:\/\/cdnoticias.com\/index.php\/wp-json\/wp\/v2\/tags?post=197778"}],"curies":[{"name":"wp","href":"https:\/\/api.w.org\/{rel}","templated":true}]}}