{"id":197775,"date":"2026-03-17T18:00:22","date_gmt":"2026-03-17T21:00:22","guid":{"rendered":"https:\/\/cdnoticias.com\/?p=197775"},"modified":"2026-03-17T18:00:24","modified_gmt":"2026-03-17T21:00:24","slug":"nueva-convocatoria-para-el-espacio-de-feria-en-el-polo-educativo-y-recreativo-la-maxima","status":"publish","type":"post","link":"https:\/\/cdnoticias.com\/index.php\/2026\/03\/17\/nueva-convocatoria-para-el-espacio-de-feria-en-el-polo-educativo-y-recreativo-la-maxima\/","title":{"rendered":"Nueva convocatoria para el espacio de feria en el Polo Educativo y Recreativo \u201cLa M\u00e1xima\u201d"},"content":{"rendered":"\n<p>La inscripci\u00f3n abri\u00f3 este martes 17 de marzo. El objetivo es poder contar con nuevos puntos de comercializaci\u00f3n que visibilicen las producciones locales en uno de los espacios preferidos por las familias olavarrienses.<\/p>\n\n\n\n<hr class=\"wp-block-separator aligncenter has-alpha-channel-opacity\"\/>\n\n\n\n<p>A partir de este<strong> martes 17 de marzo<\/strong>, se abri\u00f3 una <strong>nueva inscripci\u00f3n para el espacio de feria del Polo Educativo y Recreativo \u201cLa M\u00e1xima\u201d <\/strong>para <strong>peque\u00f1os emprendimientos, <\/strong>que funcionar\u00e1 durante los<strong> fines de semana de marzo y abril.<\/strong><\/p>\n\n\n\n<p><\/p>\n\n\n\n<blockquote class=\"wp-block-quote is-layout-flow wp-block-quote-is-layout-flow\">\n<p>El objetivo es poder contar con nuevos puntos de comercializaci\u00f3n que visibilicen las producciones locales en uno de los espacios preferidos por las familias olavarrienses.<\/p>\n<\/blockquote>\n\n\n\n<p><\/p>\n\n\n\n<p>Aquellos interesados en participar pueden acercarse a partir de este martes a la <strong>sede de la Secretar\u00eda de Desarrollo Econ\u00f3mico y Productivo,<\/strong> (ubicada en Moreno 2765), <strong>de 8 a 14 horas, para realizar la inscripci\u00f3n.\u00a0 <\/strong>Es importante aclarar que deben contar con la habilitaci\u00f3n en caso de corresponder.<\/p>\n\n\n\n<p><\/p>\n\n\n\n<p>Dicha convocatoria responde a un trabajo articulado entre la Subsecretar\u00eda de Cultura y Educaci\u00f3n y la Secretar\u00eda de Desarrollo Econ\u00f3mico y Productivo. El <strong>nuevo espacio de feria en el Polo La M\u00e1xima estar\u00e1 habilitado los d\u00edas s\u00e1bados y domingos, en el horario de 16 a 19 horas.<\/strong><\/p>\n\n\n\n<p><\/p>\n","protected":false},"excerpt":{"rendered":"<p>La inscripci\u00f3n abri\u00f3 este martes 17 de marzo. El objetivo es poder contar con nuevos puntos de comercializaci\u00f3n que visibilicen<\/p>\n","protected":false},"author":6,"featured_media":172890,"comment_status":"closed","ping_status":"closed","sticky":false,"template":"","format":"standard","meta":{"_jetpack_memberships_contains_paid_content":false,"footnotes":""},"categories":[5,1],"tags":[],"class_list":["post-197775","post","type-post","status-publish","format-standard","has-post-thumbnail","hentry","category-informacion-general","category-portada"],"jetpack_featured_media_url":"https:\/\/i0.wp.com\/cdnoticias.com\/wp-content\/uploads\/2025\/06\/polo-educativo-la-maxima-inauguracion4.png?fit=889%2C503&ssl=1","jetpack_sharing_enabled":true,"_links":{"self":[{"href":"https:\/\/cdnoticias.com\/index.php\/wp-json\/wp\/v2\/posts\/197775","targetHints":{"allow":["GET"]}}],"collection":[{"href":"https:\/\/cdnoticias.com\/index.php\/wp-json\/wp\/v2\/posts"}],"about":[{"href":"https:\/\/cdnoticias.com\/index.php\/wp-json\/wp\/v2\/types\/post"}],"author":[{"embeddable":true,"href":"https:\/\/cdnoticias.com\/index.php\/wp-json\/wp\/v2\/users\/6"}],"replies":[{"embeddable":true,"href":"https:\/\/cdnoticias.com\/index.php\/wp-json\/wp\/v2\/comments?post=197775"}],"version-history":[{"count":0,"href":"https:\/\/cdnoticias.com\/index.php\/wp-json\/wp\/v2\/posts\/197775\/revisions"}],"wp:featuredmedia":[{"embeddable":true,"href":"https:\/\/cdnoticias.com\/index.php\/wp-json\/wp\/v2\/media\/172890"}],"wp:attachment":[{"href":"https:\/\/cdnoticias.com\/index.php\/wp-json\/wp\/v2\/media?parent=197775"}],"wp:term":[{"taxonomy":"category","embeddable":true,"href":"https:\/\/cdnoticias.com\/index.php\/wp-json\/wp\/v2\/categories?post=197775"},{"taxonomy":"post_tag","embeddable":true,"href":"https:\/\/cdnoticias.com\/index.php\/wp-json\/wp\/v2\/tags?post=197775"}],"curies":[{"name":"wp","href":"https:\/\/api.w.org\/{rel}","templated":true}]}}