{"id":197741,"date":"2026-03-17T16:00:07","date_gmt":"2026-03-17T19:00:07","guid":{"rendered":"https:\/\/cdnoticias.com\/?p=197741"},"modified":"2026-03-17T18:55:22","modified_gmt":"2026-03-17T21:55:22","slug":"presentan-pedido-de-emergencia-ambiental-por-la-contaminacion-del-arroyo-tapalque-en-olavarria","status":"publish","type":"post","link":"https:\/\/cdnoticias.com\/index.php\/2026\/03\/17\/presentan-pedido-de-emergencia-ambiental-por-la-contaminacion-del-arroyo-tapalque-en-olavarria\/","title":{"rendered":"Presentan pedido de emergencia ambiental por la contaminaci\u00f3n del arroyo Tapalqu\u00e9 en Olavarr\u00eda"},"content":{"rendered":"\n<p>El planteo fue ingresado el 20 de febrero ante el HCD. Denuncian falta de tratamiento legislativo y reclaman medidas urgentes de saneamiento.<\/p>\n\n\n\n<hr class=\"wp-block-separator has-alpha-channel-opacity\"\/>\n\n\n\n<p>El pasado 20 de febrero, el abogado Alexander Aquila present\u00f3 un escrito ante el Honorable Concejo Deliberante de Olavarr\u00eda en el que <strong>solicit\u00f3 la declaraci\u00f3n de la emergencia ambiental en el partido, a ra\u00edz de la presunta contaminaci\u00f3n del arroyo Tapalqu\u00e9.<\/strong><\/p>\n\n\n\n<p><\/p>\n\n\n\n<p>Seg\u00fan consta en la documentaci\u00f3n, Aquila interviene como vecino de la ciudad y como letrado patrocinante en una causa judicial vinculada a presuntos il\u00edcitos ambientales. <strong>En la presentaci\u00f3n se expone la \u201cfalta de respuestas\u201d a reclamos iniciados en 2022 por la contaminaci\u00f3n del arroyo,<\/strong> se\u00f1alando como posibles responsables a la <strong>planta depuradora de Coopelectric, el relleno sanitario local y unidades carcelarias de Sierra Chica.<\/strong><\/p>\n\n\n\n<p><\/p>\n\n\n\n<p>El escrito detalla una serie de elementos probatorios incorporados a la causa, entre ellos<strong> registros audiovisuales de vertidos contaminantes en la cuenca del Tapalqu\u00e9, testimonios de ex empleados, documentaci\u00f3n interna sobre el funcionamiento de la planta depuradora y an\u00e1lisis bacteriol\u00f3gicos<\/strong> realizados en el balneario municipal de Tapalqu\u00e9. Estos \u00faltimos habr\u00edan detectado la presencia de bacterias como Enterobacter, Citrobacter, Klebsiella y Escherichia coli.<\/p>\n\n\n\n<p><\/p>\n\n\n\n<p>Asimismo, se menciona la intervenci\u00f3n de organismos como la UFI N\u00ba 10 y el aporte de informes de la Divisi\u00f3n de Delitos Ambientales de la Polic\u00eda Federal Argentina, que constataron la<strong> presencia de coliformes fecales en el curso de agua.<\/strong><\/p>\n\n\n\n<p><\/p>\n\n\n\n<p>En paralelo, se inform\u00f3 sobre la <strong>recolecci\u00f3n de firmas en la ciudad de Tapalqu\u00e9<\/strong> para exigir a autoridades judiciales, municipales y provinciales la implementaci\u00f3n de medidas \u201ceficaces y serias\u201d de saneamiento y prevenci\u00f3n, con el objetivo de resguardar la salud p\u00fablica y el ecosistema.<\/p>\n\n\n\n<p><\/p>\n\n\n\n<blockquote class=\"wp-block-quote is-layout-flow wp-block-quote-is-layout-flow\">\n<p>En el documento presentado al HCD se solicita formalmente que los concejales declaren la emergencia ambiental en Olavarr\u00eda y articulen acciones urgentes con el Poder Ejecutivo local y organismos provinciales.<\/p>\n<\/blockquote>\n\n\n\n<p><\/p>\n\n\n\n<p>Sin embargo, seg\u00fan se indic\u00f3, el planteo no fue tratado en la \u00faltima sesi\u00f3n ordinaria del Concejo Deliberante, lo que fue interpretado por los impulsores del reclamo como una <strong>falta de respuesta institucional.<\/strong><\/p>\n\n\n\n<p><\/p>\n\n\n\n<p>En ese marco, desde el sector que impulsa la iniciativa manifestaron que continuar\u00e1n con las <strong>acciones para visibilizar la problem\u00e1tica y avanzar en el saneamiento del arroyo.<\/strong> Tambi\u00e9n se\u00f1alaron que recientes avances judiciales en otras causas ambientales a nivel nacional refuerzan la expectativa de obtener respuestas en este caso.<\/p>\n","protected":false},"excerpt":{"rendered":"<p>El planteo fue ingresado el 20 de febrero ante el HCD. Denuncian falta de tratamiento legislativo y reclaman medidas urgentes<\/p>\n","protected":false},"author":5,"featured_media":165703,"comment_status":"closed","ping_status":"closed","sticky":false,"template":"","format":"standard","meta":{"_jetpack_memberships_contains_paid_content":false,"footnotes":""},"categories":[4,1],"tags":[],"class_list":["post-197741","post","type-post","status-publish","format-standard","has-post-thumbnail","hentry","category-politica","category-portada"],"jetpack_featured_media_url":"https:\/\/i0.wp.com\/cdnoticias.com\/wp-content\/uploads\/2025\/03\/arroyo-tapalque-lluvias1.jpg?fit=1000%2C600&ssl=1","jetpack_sharing_enabled":true,"_links":{"self":[{"href":"https:\/\/cdnoticias.com\/index.php\/wp-json\/wp\/v2\/posts\/197741","targetHints":{"allow":["GET"]}}],"collection":[{"href":"https:\/\/cdnoticias.com\/index.php\/wp-json\/wp\/v2\/posts"}],"about":[{"href":"https:\/\/cdnoticias.com\/index.php\/wp-json\/wp\/v2\/types\/post"}],"author":[{"embeddable":true,"href":"https:\/\/cdnoticias.com\/index.php\/wp-json\/wp\/v2\/users\/5"}],"replies":[{"embeddable":true,"href":"https:\/\/cdnoticias.com\/index.php\/wp-json\/wp\/v2\/comments?post=197741"}],"version-history":[{"count":0,"href":"https:\/\/cdnoticias.com\/index.php\/wp-json\/wp\/v2\/posts\/197741\/revisions"}],"wp:featuredmedia":[{"embeddable":true,"href":"https:\/\/cdnoticias.com\/index.php\/wp-json\/wp\/v2\/media\/165703"}],"wp:attachment":[{"href":"https:\/\/cdnoticias.com\/index.php\/wp-json\/wp\/v2\/media?parent=197741"}],"wp:term":[{"taxonomy":"category","embeddable":true,"href":"https:\/\/cdnoticias.com\/index.php\/wp-json\/wp\/v2\/categories?post=197741"},{"taxonomy":"post_tag","embeddable":true,"href":"https:\/\/cdnoticias.com\/index.php\/wp-json\/wp\/v2\/tags?post=197741"}],"curies":[{"name":"wp","href":"https:\/\/api.w.org\/{rel}","templated":true}]}}