{"id":19774,"date":"2021-04-24T16:50:47","date_gmt":"2021-04-24T19:50:47","guid":{"rendered":"http:\/\/www.centraldenoticias.com.ar\/?p=19774"},"modified":"2021-04-24T20:29:41","modified_gmt":"2021-04-24T23:29:41","slug":"informe-covid-un-paciente-fallecio-y-totalizan-193-los-decesos","status":"publish","type":"post","link":"https:\/\/cdnoticias.com\/index.php\/2021\/04\/24\/informe-covid-un-paciente-fallecio-y-totalizan-193-los-decesos\/","title":{"rendered":"Informe Covid: un paciente falleci\u00f3 y totalizan 193 los decesos"},"content":{"rendered":"<p class=\"western\"><span style=\"color: #000080;\"><span lang=\"zxx\"><span style=\"color: #000000;\"><span lang=\"es-ES\">La v\u00edctima fatal fue un hombre de 78 a\u00f1os que estuvo 18 d\u00edas internado. La semana mostr\u00f3 una notable baja en los decesos, pero a\u00fan as\u00ed el promedio diario fue superior a 1.<\/span><\/span><\/span><\/span><\/p>\n<hr \/>\n<p class=\"western\"><!--more--><\/p>\n<p class=\"western\"><span style=\"color: #000080;\"><span lang=\"zxx\"><span style=\"color: #000000;\"><span lang=\"es-ES\">La Secretar\u00eda de Salud del Municipio emiti\u00f3 el <strong>reporte sanitario de <a href=\"https:\/\/cdnoticias.com\/index.php\/2021\/04\/24\/tendencia-semanal-a-la-baja-68-nuevos-casos-de-covid-y-70-internados\/\" target=\"_blank\" rel=\"noopener\">este s\u00e1bado<\/a> por la pandemia de Covid<\/strong>.<\/span><\/span><\/span><\/span><\/p>\n<p>&nbsp;<\/p>\n<p class=\"western\"><span style=\"color: #000080;\"><span lang=\"zxx\"><span style=\"color: #000000;\"><span lang=\"es-ES\">Expuso que<strong> un hombre de 78 a\u00f1os falleci\u00f3<\/strong> y, con \u00e9l, son <strong>193 las personas que padec\u00edan la enfermedad y murieron en Olavarr\u00eda<\/strong> desde marzo de 2020 a la actualidad.<\/span><\/span><\/span><\/span><\/p>\n<p>&nbsp;<\/p>\n<blockquote>\n<p class=\"western\"><span style=\"color: #000080;\"><span lang=\"zxx\"><span style=\"color: #000000;\"><span lang=\"es-ES\">En este caso, el estaba internado desde el 5 de abril. Pas\u00f3 18 d\u00edas en el Hospital Municipal hasta que falleci\u00f3 en la tarde de viernes.<\/span><\/span><\/span><\/span><\/p>\n<\/blockquote>\n<p>&nbsp;<\/p>\n<p class=\"western\"><span style=\"color: #000080;\"><span style=\"color: #000000;\">\u201c<span lang=\"zxx\"><span lang=\"es-ES\">La Municipalidad de Olavarr\u00eda y el intendente Ezequiel Galli env\u00edan sus condolencias a familiares del paciente fallecido\u201d se indic\u00f3 en el parte oficial.<\/span><\/span><\/span><\/span><\/p>\n<p>&nbsp;<\/p>\n<p class=\"western\"><span style=\"color: #000080;\"><span lang=\"zxx\"><span style=\"color: #000000;\"><span lang=\"es-ES\">A lo largo de la semana se <\/span><\/span><\/span><\/span><span style=\"color: #000080;\"><span lang=\"zxx\"><span style=\"color: #000000;\"><span lang=\"es-ES\">informaron 14 fallecimientos <\/span><\/span><\/span><\/span><span style=\"color: #000080;\"><span lang=\"zxx\"><span style=\"color: #000000;\"><span lang=\"es-ES\">en los informes de la Secretar\u00eda de Salud, de los cuales <strong>13 ocurrieron en la semana epidemiol\u00f3gica 16<\/strong> (del 18 al 24 de abril).<\/span><\/span><\/span><\/span><\/p>\n<p>&nbsp;<\/p>\n<blockquote>\n<p class=\"western\"><span style=\"color: #000080;\"><span lang=\"zxx\"><span style=\"color: #000000;\"><span lang=\"es-ES\">Es decir, el promedio diario de fallecimientos esta semana alcanz\u00f3 1,8.<\/span><\/span><\/span><\/span><\/p>\n<\/blockquote>\n<p>&nbsp;<\/p>\n<p class=\"western\"><span style=\"color: #000080;\"><span lang=\"zxx\"><span style=\"color: #000000;\"><span lang=\"es-ES\"><strong>En lo que va del mes de abril han fallecido 56 personas<\/strong> que hab\u00edan dado positivo para Covid-19 con lo que <strong>se trata del mes con mayor impacto de la pandemia<\/strong> en cuanto a los decesos.<\/span><\/span><\/span><\/span><\/p>\n<p>&nbsp;<\/p>\n<p><img data-recalc-dims=\"1\" loading=\"lazy\" decoding=\"async\" class=\"aligncenter wp-image-19775\" src=\"https:\/\/i0.wp.com\/cdnoticias.com\/wp-content\/uploads\/2021\/04\/parte-sanitario-24-04-4.jpeg?resize=500%2C500&#038;ssl=1\" alt=\"\" width=\"500\" height=\"500\" srcset=\"https:\/\/i0.wp.com\/cdnoticias.com\/wp-content\/uploads\/2021\/04\/parte-sanitario-24-04-4.jpeg?resize=300%2C300&amp;ssl=1 300w, https:\/\/i0.wp.com\/cdnoticias.com\/wp-content\/uploads\/2021\/04\/parte-sanitario-24-04-4.jpeg?resize=150%2C150&amp;ssl=1 150w, https:\/\/i0.wp.com\/cdnoticias.com\/wp-content\/uploads\/2021\/04\/parte-sanitario-24-04-4.jpeg?resize=768%2C768&amp;ssl=1 768w, https:\/\/i0.wp.com\/cdnoticias.com\/wp-content\/uploads\/2021\/04\/parte-sanitario-24-04-4.jpeg?resize=1024%2C1024&amp;ssl=1 1024w, https:\/\/i0.wp.com\/cdnoticias.com\/wp-content\/uploads\/2021\/04\/parte-sanitario-24-04-4.jpeg?w=1280&amp;ssl=1 1280w\" sizes=\"auto, (max-width: 500px) 100vw, 500px\" \/><\/p>\n<p class=\"western\"><span style=\"color: #000080;\"><span lang=\"zxx\"><span style=\"color: #000000;\"><span lang=\"es-ES\">Sobre el total, <strong>la mayor\u00eda de los fallecidos son hombres: 99 pacientes masculinos<\/strong>. En tanto, 94 fueron mujeres.<\/span><\/span><\/span><\/span><\/p>\n<p>&nbsp;<\/p>\n<p class=\"western\"><span style=\"color: #000080;\"><span lang=\"zxx\"><span style=\"color: #000000;\"><span lang=\"es-ES\">La <strong>franja etaria de 80 a 89 a\u00f1os<\/strong> es la que muestra mayor cantidad de fallecidos, 58 en total, de los cuales 32 son mujeres. En tanto, en<strong> la franja de <\/strong><\/span><\/span><\/span><\/span><span style=\"color: #000080;\"><span lang=\"zxx\"><span style=\"color: #000000;\"><span lang=\"es-ES\"><strong>70 a 79 a\u00f1os<\/strong> han fallecido 55 personas, de las cuales 30 son hombres.<\/span><\/span><\/span><\/span><\/p>\n<p>&nbsp;<\/p>\n<p class=\"western\"><span style=\"color: #000080;\"><span lang=\"zxx\"><span style=\"color: #000000;\"><span lang=\"es-ES\">Paralelamente, cabe se\u00f1alar <strong>los mayores de 70 a\u00f1os son la franja etaria que menor cantidad de enfermos registra despu\u00e9s de los de 0 a 15 a\u00f1os<\/strong>.<\/span><\/span><\/span><\/span><\/p>\n<p>&nbsp;<\/p>\n","protected":false},"excerpt":{"rendered":"<p>La v\u00edctima fatal fue un hombre de 78 a\u00f1os que estuvo 18 d\u00edas internado. La semana mostr\u00f3 una notable baja<\/p>\n","protected":false},"author":4,"featured_media":19776,"comment_status":"closed","ping_status":"closed","sticky":false,"template":"","format":"standard","meta":{"_jetpack_memberships_contains_paid_content":false,"footnotes":""},"categories":[5,1],"tags":[],"class_list":["post-19774","post","type-post","status-publish","format-standard","has-post-thumbnail","hentry","category-informacion-general","category-portada"],"jetpack_featured_media_url":"https:\/\/i0.wp.com\/cdnoticias.com\/wp-content\/uploads\/2021\/04\/Hospital-entrada00-800x445.jpg?fit=800%2C445&ssl=1","jetpack_sharing_enabled":true,"_links":{"self":[{"href":"https:\/\/cdnoticias.com\/index.php\/wp-json\/wp\/v2\/posts\/19774","targetHints":{"allow":["GET"]}}],"collection":[{"href":"https:\/\/cdnoticias.com\/index.php\/wp-json\/wp\/v2\/posts"}],"about":[{"href":"https:\/\/cdnoticias.com\/index.php\/wp-json\/wp\/v2\/types\/post"}],"author":[{"embeddable":true,"href":"https:\/\/cdnoticias.com\/index.php\/wp-json\/wp\/v2\/users\/4"}],"replies":[{"embeddable":true,"href":"https:\/\/cdnoticias.com\/index.php\/wp-json\/wp\/v2\/comments?post=19774"}],"version-history":[{"count":0,"href":"https:\/\/cdnoticias.com\/index.php\/wp-json\/wp\/v2\/posts\/19774\/revisions"}],"wp:featuredmedia":[{"embeddable":true,"href":"https:\/\/cdnoticias.com\/index.php\/wp-json\/wp\/v2\/media\/19776"}],"wp:attachment":[{"href":"https:\/\/cdnoticias.com\/index.php\/wp-json\/wp\/v2\/media?parent=19774"}],"wp:term":[{"taxonomy":"category","embeddable":true,"href":"https:\/\/cdnoticias.com\/index.php\/wp-json\/wp\/v2\/categories?post=19774"},{"taxonomy":"post_tag","embeddable":true,"href":"https:\/\/cdnoticias.com\/index.php\/wp-json\/wp\/v2\/tags?post=19774"}],"curies":[{"name":"wp","href":"https:\/\/api.w.org\/{rel}","templated":true}]}}