{"id":197739,"date":"2026-03-17T11:40:19","date_gmt":"2026-03-17T14:40:19","guid":{"rendered":"https:\/\/cdnoticias.com\/?p=197739"},"modified":"2026-03-17T16:30:56","modified_gmt":"2026-03-17T19:30:56","slug":"realizaran-una-caminata-por-la-memoria-desde-monte-pelloni-hasta-cerro-largo","status":"publish","type":"post","link":"https:\/\/cdnoticias.com\/index.php\/2026\/03\/17\/realizaran-una-caminata-por-la-memoria-desde-monte-pelloni-hasta-cerro-largo\/","title":{"rendered":"Realizar\u00e1n una caminata por la Memoria desde Monte Pelloni hasta Cerro Largo"},"content":{"rendered":"\n<p>La actividad ser\u00e1 este s\u00e1bado 21 de marzo desde las 14 y tendr\u00e1 una duraci\u00f3n aproximada de tres horas. La propuesta forma parte del ciclo por los 50 a\u00f1os de Memoria, Verdad y Justicia.<\/p>\n\n\n\n<hr class=\"wp-block-separator has-alpha-channel-opacity\"\/>\n\n\n\n<p>En el marco de las <a href=\"https:\/\/cdnoticias.com\/index.php\/2026\/03\/17\/olavarria-presenta-su-agenda-por-los-50-anos-de-memoria-verdad-y-justicia\/\" data-type=\"link\" data-id=\"https:\/\/cdnoticias.com\/index.php\/2026\/03\/17\/olavarria-presenta-su-agenda-por-los-50-anos-de-memoria-verdad-y-justicia\/\">actividades por los 50 a\u00f1os del inicio de la \u00faltima dictadura c\u00edvico-militar,<\/a> este<strong> s\u00e1bado 21 de marzo se realizar\u00e1 una \u201cCaminata por la Memoria\u201d <\/strong>que unir\u00e1 el ex Centro Clandestino de Detenci\u00f3n Monte Pelloni con Cerro Largo.<\/p>\n\n\n\n<p><\/p>\n\n\n\n<p>La propuesta, abierta a toda la comunidad, <strong>comenzar\u00e1 a las 14 horas desde Monte Pelloni y tendr\u00e1 una duraci\u00f3n estimada de tres horas.<\/strong><\/p>\n\n\n\n<p><\/p>\n\n\n\n<blockquote class=\"wp-block-quote is-layout-flow wp-block-quote-is-layout-flow\">\n<p>El recorrido incluir\u00e1 distintos puntos de inter\u00e9s del partido, entre ellos la Reserva Natural de Cerro Largo, canteras de arcilla, dolomita y caliza, adem\u00e1s de la visita al ex CCD Monte Pelloni, sitio emblem\u00e1tico vinculado a la memoria local.<\/p>\n<\/blockquote>\n\n\n\n<p><\/p>\n\n\n\n<p>La actividad es organizada por la Coordinaci\u00f3n de Turismo de la Secretar\u00eda de Desarrollo Econ\u00f3mico y Productivo, y se enmarca dentro del <strong>ciclo \u201cOlavarr\u00eda, 50 a\u00f1os de Memoria, Verdad y Justicia\u201d<\/strong>, impulsado por el Municipio de Olavarr\u00eda, la Comisi\u00f3n por la Memoria, el Concejo Deliberante y diversas instituciones y organizaciones locales.<\/p>\n\n\n\n<p><\/p>\n\n\n\n<p>En este contexto, las propuestas buscan<strong> promover la reflexi\u00f3n hist\u00f3rica, fortalecer el valor de la democracia y sostener la memoria colectiva,<\/strong> en adhesi\u00f3n a la consigna de los organismos de derechos humanos \u201cQue digan d\u00f3nde est\u00e1n\u201d.<\/p>\n\n\n\n<p><\/p>\n\n\n\n<p>Las personas interesadas en participar podr\u00e1n inscribirse previamente a trav\u00e9s de un <a href=\"https:\/\/docs.google.com\/forms\/d\/e\/1FAIpQLSetcByWgEYQlpPoSy5aXy4kyGj78nf_3280Ft3i3Uz_8F7quw\/viewform?pli=1\" data-type=\"link\" data-id=\"https:\/\/docs.google.com\/forms\/d\/e\/1FAIpQLSetcByWgEYQlpPoSy5aXy4kyGj78nf_3280Ft3i3Uz_8F7quw\/viewform?pli=1\">formulario online.<\/a><\/p>\n\n\n\n<p><\/p>\n\n\n\n<figure class=\"wp-block-embed is-type-wp-embed is-provider-central-de-noticias-olavarr-a wp-block-embed-central-de-noticias-olavarr-a\"><div class=\"wp-block-embed__wrapper\">\n<blockquote class=\"wp-embedded-content\" data-secret=\"thcAUuiQmq\"><a href=\"https:\/\/cdnoticias.com\/index.php\/2026\/03\/17\/olavarria-presenta-su-agenda-por-los-50-anos-de-memoria-verdad-y-justicia\/\">Olavarr\u00eda presenta su agenda por los 50 a\u00f1os de Memoria, Verdad y Justicia<\/a><\/blockquote><iframe loading=\"lazy\" class=\"wp-embedded-content\" sandbox=\"allow-scripts\" security=\"restricted\" style=\"position: absolute; visibility: hidden;\" title=\"&#8220;Olavarr\u00eda presenta su agenda por los 50 a\u00f1os de Memoria, Verdad y Justicia&#8221; &#8212; Central de Noticias | Olavarr\u00eda\" src=\"https:\/\/cdnoticias.com\/index.php\/2026\/03\/17\/olavarria-presenta-su-agenda-por-los-50-anos-de-memoria-verdad-y-justicia\/embed\/#?secret=twZ4bJvA3k#?secret=thcAUuiQmq\" data-secret=\"thcAUuiQmq\" width=\"600\" height=\"338\" frameborder=\"0\" marginwidth=\"0\" marginheight=\"0\" scrolling=\"no\"><\/iframe>\n<\/div><\/figure>\n","protected":false},"excerpt":{"rendered":"<p>La actividad ser\u00e1 este s\u00e1bado 21 de marzo desde las 14 y tendr\u00e1 una duraci\u00f3n aproximada de tres horas. La<\/p>\n","protected":false},"author":5,"featured_media":80989,"comment_status":"closed","ping_status":"closed","sticky":false,"template":"","format":"standard","meta":{"_jetpack_memberships_contains_paid_content":false,"footnotes":""},"categories":[5,1],"tags":[],"class_list":["post-197739","post","type-post","status-publish","format-standard","has-post-thumbnail","hentry","category-informacion-general","category-portada"],"jetpack_featured_media_url":"https:\/\/i0.wp.com\/cdnoticias.com\/wp-content\/uploads\/2023\/03\/Proyecto-web-Monte-Pelloni-1.jpeg?fit=1600%2C1200&ssl=1","jetpack_sharing_enabled":true,"_links":{"self":[{"href":"https:\/\/cdnoticias.com\/index.php\/wp-json\/wp\/v2\/posts\/197739","targetHints":{"allow":["GET"]}}],"collection":[{"href":"https:\/\/cdnoticias.com\/index.php\/wp-json\/wp\/v2\/posts"}],"about":[{"href":"https:\/\/cdnoticias.com\/index.php\/wp-json\/wp\/v2\/types\/post"}],"author":[{"embeddable":true,"href":"https:\/\/cdnoticias.com\/index.php\/wp-json\/wp\/v2\/users\/5"}],"replies":[{"embeddable":true,"href":"https:\/\/cdnoticias.com\/index.php\/wp-json\/wp\/v2\/comments?post=197739"}],"version-history":[{"count":0,"href":"https:\/\/cdnoticias.com\/index.php\/wp-json\/wp\/v2\/posts\/197739\/revisions"}],"wp:featuredmedia":[{"embeddable":true,"href":"https:\/\/cdnoticias.com\/index.php\/wp-json\/wp\/v2\/media\/80989"}],"wp:attachment":[{"href":"https:\/\/cdnoticias.com\/index.php\/wp-json\/wp\/v2\/media?parent=197739"}],"wp:term":[{"taxonomy":"category","embeddable":true,"href":"https:\/\/cdnoticias.com\/index.php\/wp-json\/wp\/v2\/categories?post=197739"},{"taxonomy":"post_tag","embeddable":true,"href":"https:\/\/cdnoticias.com\/index.php\/wp-json\/wp\/v2\/tags?post=197739"}],"curies":[{"name":"wp","href":"https:\/\/api.w.org\/{rel}","templated":true}]}}