{"id":197717,"date":"2026-03-17T07:23:56","date_gmt":"2026-03-17T10:23:56","guid":{"rendered":"https:\/\/cdnoticias.com\/?p=197717"},"modified":"2026-03-17T11:40:56","modified_gmt":"2026-03-17T14:40:56","slug":"continua-vigente-el-alerta-naranja-por-tormentas-para-la-manana-de-este-martes","status":"publish","type":"post","link":"https:\/\/cdnoticias.com\/index.php\/2026\/03\/17\/continua-vigente-el-alerta-naranja-por-tormentas-para-la-manana-de-este-martes\/","title":{"rendered":"Contin\u00faa vigente el alerta naranja por tormentas para la ma\u00f1ana de este martes"},"content":{"rendered":"\n<p>Se prev\u00e9n lluvias intensas, r\u00e1fagas superiores a 100 km\/h, granizo y fuerte actividad el\u00e9ctrica. Las autoridades mantienen medidas preventivas y monitorean la evoluci\u00f3n del fen\u00f3meno.<\/p>\n\n\n\n<hr class=\"wp-block-separator has-alpha-channel-opacity\"\/>\n\n\n\n<p>El <strong>alerta meteorol\u00f3gico de nivel naranja por tormentas<\/strong> contin\u00faa vigente durante la ma\u00f1ana de este martes en Olavarr\u00eda, de acuerdo con el informe emitido por el Servicio Meteorol\u00f3gico Nacional.<\/p>\n\n\n\n<p><\/p>\n\n\n\n<p>Seg\u00fan se indic\u00f3, el \u00e1rea ser\u00e1 afectada por <strong>tormentas fuertes, algunas localmente severas<\/strong>, que estar\u00e1n acompa\u00f1adas por abundante ca\u00edda de agua en cortos per\u00edodos, intensa actividad el\u00e9ctrica, posible ca\u00edda de granizo y r\u00e1fagas de viento que podr\u00edan superar los 100 kil\u00f3metros por hora. En cuanto a las precipitaciones, se estiman valores acumulados entre 60 y 90 mil\u00edmetros, con posibilidad de registros superiores en forma puntual.<\/p>\n\n\n\n<p><\/p>\n\n\n\n<p>En este marco, <strong>las autoridades locales mantienen el monitoreo de la situaci\u00f3n<\/strong> y recomiendan extremar precauciones ante las condiciones previstas.<\/p>\n\n\n\n<p><\/p>\n\n\n\n<p>Como medida preventiva, la Jefatura Regional y Distrital de Educaci\u00f3n dispuso la <a href=\"https:\/\/cdnoticias.com\/index.php\/2026\/03\/16\/por-el-alerta-naranja-nuevamente-se-suspendieron-las-clases-en-turno-manana-en-olavarria\/\" data-type=\"link\" data-id=\"https:\/\/cdnoticias.com\/index.php\/2026\/03\/16\/por-el-alerta-naranja-nuevamente-se-suspendieron-las-clases-en-turno-manana-en-olavarria\/\">suspensi\u00f3n de clases en el turno ma\u00f1ana<\/a>, decisi\u00f3n que fue adoptada tras una evaluaci\u00f3n conjunta con Defensa Civil.<\/p>\n\n\n\n<p><\/p>\n\n\n\n<p>Respecto al turno tarde, se inform\u00f3 que<strong> la definici\u00f3n sobre la continuidad de las actividades escolares ser\u00e1 comunicada a media ma\u00f1ana<\/strong>, en funci\u00f3n de la evoluci\u00f3n de las condiciones meteorol\u00f3gicas.<\/p>\n","protected":false},"excerpt":{"rendered":"<p>Se prev\u00e9n lluvias intensas, r\u00e1fagas superiores a 100 km\/h, granizo y fuerte actividad el\u00e9ctrica. Las autoridades mantienen medidas preventivas y<\/p>\n","protected":false},"author":5,"featured_media":197718,"comment_status":"closed","ping_status":"closed","sticky":false,"template":"","format":"standard","meta":{"_jetpack_memberships_contains_paid_content":false,"footnotes":""},"categories":[5,1],"tags":[],"class_list":["post-197717","post","type-post","status-publish","format-standard","has-post-thumbnail","hentry","category-informacion-general","category-portada"],"jetpack_featured_media_url":"https:\/\/i0.wp.com\/cdnoticias.com\/wp-content\/uploads\/2026\/03\/tormenta-amanecer.png?fit=800%2C445&ssl=1","jetpack_sharing_enabled":true,"_links":{"self":[{"href":"https:\/\/cdnoticias.com\/index.php\/wp-json\/wp\/v2\/posts\/197717","targetHints":{"allow":["GET"]}}],"collection":[{"href":"https:\/\/cdnoticias.com\/index.php\/wp-json\/wp\/v2\/posts"}],"about":[{"href":"https:\/\/cdnoticias.com\/index.php\/wp-json\/wp\/v2\/types\/post"}],"author":[{"embeddable":true,"href":"https:\/\/cdnoticias.com\/index.php\/wp-json\/wp\/v2\/users\/5"}],"replies":[{"embeddable":true,"href":"https:\/\/cdnoticias.com\/index.php\/wp-json\/wp\/v2\/comments?post=197717"}],"version-history":[{"count":0,"href":"https:\/\/cdnoticias.com\/index.php\/wp-json\/wp\/v2\/posts\/197717\/revisions"}],"wp:featuredmedia":[{"embeddable":true,"href":"https:\/\/cdnoticias.com\/index.php\/wp-json\/wp\/v2\/media\/197718"}],"wp:attachment":[{"href":"https:\/\/cdnoticias.com\/index.php\/wp-json\/wp\/v2\/media?parent=197717"}],"wp:term":[{"taxonomy":"category","embeddable":true,"href":"https:\/\/cdnoticias.com\/index.php\/wp-json\/wp\/v2\/categories?post=197717"},{"taxonomy":"post_tag","embeddable":true,"href":"https:\/\/cdnoticias.com\/index.php\/wp-json\/wp\/v2\/tags?post=197717"}],"curies":[{"name":"wp","href":"https:\/\/api.w.org\/{rel}","templated":true}]}}