{"id":197712,"date":"2026-03-16T21:14:05","date_gmt":"2026-03-17T00:14:05","guid":{"rendered":"https:\/\/cdnoticias.com\/?p=197712"},"modified":"2026-03-17T07:24:23","modified_gmt":"2026-03-17T10:24:23","slug":"por-el-alerta-naranja-nuevamente-se-suspendieron-las-clases-en-turno-manana-en-olavarria","status":"publish","type":"post","link":"https:\/\/cdnoticias.com\/index.php\/2026\/03\/16\/por-el-alerta-naranja-nuevamente-se-suspendieron-las-clases-en-turno-manana-en-olavarria\/","title":{"rendered":"Por el alerta naranja nuevamente se suspendieron las clases en turno ma\u00f1ana en Olavarr\u00eda"},"content":{"rendered":"\n<p>As\u00ed fue informado por Jefatura Regional y Distrital de Educaci\u00f3n. Nuevamente se evaluar\u00e1 la situaci\u00f3n para turno tarde.<\/p>\n\n\n\n<hr class=\"wp-block-separator aligncenter has-alpha-channel-opacity\"\/>\n\n\n\n<p><strong>La Jefatura Regional y Distrital de Educaci\u00f3n inform\u00f3 la suspensi\u00f3n de las clases en el turno ma\u00f1ana del martes 17 de marzo <\/strong>como consecuencia del alerta naranja vigente emitido por el Servicio Meteorol\u00f3gico Nacional.<\/p>\n\n\n\n<blockquote class=\"wp-block-quote is-layout-flow wp-block-quote-is-layout-flow\">\n<p>La decisi\u00f3n fue adoptada tras una evaluaci\u00f3n conjunta con Defensa Civil, en el marco de las condiciones meteorol\u00f3gicas previstas para la regi\u00f3n.<\/p>\n<\/blockquote>\n\n\n\n<p>En cuanto al desarrollo de las actividades escolares durante el<strong> turno tarde, las autoridades indicaron que la determinaci\u00f3n correspondiente ser\u00e1 comunicada a media ma\u00f1ana.<\/strong><\/p>\n\n\n\n<p><\/p>\n","protected":false},"excerpt":{"rendered":"<p>As\u00ed fue informado por Jefatura Regional y Distrital de Educaci\u00f3n. Nuevamente se evaluar\u00e1 la situaci\u00f3n para turno tarde. La Jefatura<\/p>\n","protected":false},"author":2,"featured_media":197652,"comment_status":"closed","ping_status":"closed","sticky":false,"template":"","format":"standard","meta":{"_jetpack_memberships_contains_paid_content":false,"footnotes":""},"categories":[5,1],"tags":[],"class_list":["post-197712","post","type-post","status-publish","format-standard","has-post-thumbnail","hentry","category-informacion-general","category-portada"],"jetpack_featured_media_url":"https:\/\/i0.wp.com\/cdnoticias.com\/wp-content\/uploads\/2026\/03\/lluvia-tormenta-01.png?fit=800%2C445&ssl=1","jetpack_sharing_enabled":true,"_links":{"self":[{"href":"https:\/\/cdnoticias.com\/index.php\/wp-json\/wp\/v2\/posts\/197712","targetHints":{"allow":["GET"]}}],"collection":[{"href":"https:\/\/cdnoticias.com\/index.php\/wp-json\/wp\/v2\/posts"}],"about":[{"href":"https:\/\/cdnoticias.com\/index.php\/wp-json\/wp\/v2\/types\/post"}],"author":[{"embeddable":true,"href":"https:\/\/cdnoticias.com\/index.php\/wp-json\/wp\/v2\/users\/2"}],"replies":[{"embeddable":true,"href":"https:\/\/cdnoticias.com\/index.php\/wp-json\/wp\/v2\/comments?post=197712"}],"version-history":[{"count":0,"href":"https:\/\/cdnoticias.com\/index.php\/wp-json\/wp\/v2\/posts\/197712\/revisions"}],"wp:featuredmedia":[{"embeddable":true,"href":"https:\/\/cdnoticias.com\/index.php\/wp-json\/wp\/v2\/media\/197652"}],"wp:attachment":[{"href":"https:\/\/cdnoticias.com\/index.php\/wp-json\/wp\/v2\/media?parent=197712"}],"wp:term":[{"taxonomy":"category","embeddable":true,"href":"https:\/\/cdnoticias.com\/index.php\/wp-json\/wp\/v2\/categories?post=197712"},{"taxonomy":"post_tag","embeddable":true,"href":"https:\/\/cdnoticias.com\/index.php\/wp-json\/wp\/v2\/tags?post=197712"}],"curies":[{"name":"wp","href":"https:\/\/api.w.org\/{rel}","templated":true}]}}