{"id":197701,"date":"2026-03-16T17:49:43","date_gmt":"2026-03-16T20:49:43","guid":{"rendered":"https:\/\/cdnoticias.com\/?p=197701"},"modified":"2026-03-16T21:14:25","modified_gmt":"2026-03-17T00:14:25","slug":"recuperaron-una-camioneta-robada-en-neuquen","status":"publish","type":"post","link":"https:\/\/cdnoticias.com\/index.php\/2026\/03\/16\/recuperaron-una-camioneta-robada-en-neuquen\/","title":{"rendered":"Recuperaron una camioneta robada en Neuqu\u00e9n"},"content":{"rendered":"\n<p>Fue tras un trabajo de la SubDDI local. Se intercept\u00f3 en la v\u00eda p\u00fablica tras presentar \u201ccaracter\u00edsticas de dudosa procedencia\u201d.<\/p>\n\n\n\n<hr class=\"wp-block-separator aligncenter has-alpha-channel-opacity\"\/>\n\n\n\n<p>Una<strong> camioneta con pedido de secuestro activo fue recuperada en Olavarr\u00eda tras un procedimiento<\/strong> llevado adelante por personal del Grupo Operativo de la SubDDI local.<\/p>\n\n\n\n<p>De acuerdo a lo informado, tras tareas investigativas encubiertas realizadas por efectivos policiales, se logr\u00f3 establecer que un rodado presentaba caracter\u00edsticas de procedencia dudosa. <strong>A partir de ello se intercept\u00f3 en la v\u00eda p\u00fablica una camioneta Fiat Strada Adventure de color rojo que era conducida por un hombre.<\/strong><\/p>\n\n\n\n<figure class=\"wp-block-image size-large\"><img data-recalc-dims=\"1\" loading=\"lazy\" decoding=\"async\" width=\"800\" height=\"420\" src=\"https:\/\/i0.wp.com\/cdnoticias.com\/wp-content\/uploads\/2026\/03\/WhatsApp-Image-2026-03-16-at-13.41.47-1.jpeg?resize=800%2C420&#038;ssl=1\" alt=\"\" class=\"wp-image-197703\" srcset=\"https:\/\/i0.wp.com\/cdnoticias.com\/wp-content\/uploads\/2026\/03\/WhatsApp-Image-2026-03-16-at-13.41.47-1.jpeg?resize=1024%2C538&amp;ssl=1 1024w, https:\/\/i0.wp.com\/cdnoticias.com\/wp-content\/uploads\/2026\/03\/WhatsApp-Image-2026-03-16-at-13.41.47-1.jpeg?resize=300%2C158&amp;ssl=1 300w, https:\/\/i0.wp.com\/cdnoticias.com\/wp-content\/uploads\/2026\/03\/WhatsApp-Image-2026-03-16-at-13.41.47-1.jpeg?resize=768%2C404&amp;ssl=1 768w, https:\/\/i0.wp.com\/cdnoticias.com\/wp-content\/uploads\/2026\/03\/WhatsApp-Image-2026-03-16-at-13.41.47-1.jpeg?resize=390%2C205&amp;ssl=1 390w, https:\/\/i0.wp.com\/cdnoticias.com\/wp-content\/uploads\/2026\/03\/WhatsApp-Image-2026-03-16-at-13.41.47-1.jpeg?w=1416&amp;ssl=1 1416w\" sizes=\"auto, (max-width: 800px) 100vw, 800px\" \/><\/figure>\n\n\n\n<p>Al consultar el dominio en la red policial se constat\u00f3 que <strong>el veh\u00edculo registraba un pedido de secuestro activo con fecha 21 de julio de 2021, solicitado por el Juzgado Civil N\u00b0 02 de Neuqu\u00e9n. Por tal motivo se procedi\u00f3 al recupero del rodado.<\/strong><\/p>\n","protected":false},"excerpt":{"rendered":"<p>Fue tras un trabajo de la SubDDI local. Se intercept\u00f3 en la v\u00eda p\u00fablica tras presentar \u201ccaracter\u00edsticas de dudosa procedencia\u201d.<\/p>\n","protected":false},"author":2,"featured_media":197702,"comment_status":"closed","ping_status":"closed","sticky":false,"template":"","format":"standard","meta":{"_jetpack_memberships_contains_paid_content":false,"footnotes":""},"categories":[14,1],"tags":[],"class_list":["post-197701","post","type-post","status-publish","format-standard","has-post-thumbnail","hentry","category-policiales","category-portada"],"jetpack_featured_media_url":"https:\/\/i0.wp.com\/cdnoticias.com\/wp-content\/uploads\/2026\/03\/WhatsApp-Image-2026-03-16-at-13.41.47.jpeg?fit=1214%2C688&ssl=1","jetpack_sharing_enabled":true,"_links":{"self":[{"href":"https:\/\/cdnoticias.com\/index.php\/wp-json\/wp\/v2\/posts\/197701","targetHints":{"allow":["GET"]}}],"collection":[{"href":"https:\/\/cdnoticias.com\/index.php\/wp-json\/wp\/v2\/posts"}],"about":[{"href":"https:\/\/cdnoticias.com\/index.php\/wp-json\/wp\/v2\/types\/post"}],"author":[{"embeddable":true,"href":"https:\/\/cdnoticias.com\/index.php\/wp-json\/wp\/v2\/users\/2"}],"replies":[{"embeddable":true,"href":"https:\/\/cdnoticias.com\/index.php\/wp-json\/wp\/v2\/comments?post=197701"}],"version-history":[{"count":0,"href":"https:\/\/cdnoticias.com\/index.php\/wp-json\/wp\/v2\/posts\/197701\/revisions"}],"wp:featuredmedia":[{"embeddable":true,"href":"https:\/\/cdnoticias.com\/index.php\/wp-json\/wp\/v2\/media\/197702"}],"wp:attachment":[{"href":"https:\/\/cdnoticias.com\/index.php\/wp-json\/wp\/v2\/media?parent=197701"}],"wp:term":[{"taxonomy":"category","embeddable":true,"href":"https:\/\/cdnoticias.com\/index.php\/wp-json\/wp\/v2\/categories?post=197701"},{"taxonomy":"post_tag","embeddable":true,"href":"https:\/\/cdnoticias.com\/index.php\/wp-json\/wp\/v2\/tags?post=197701"}],"curies":[{"name":"wp","href":"https:\/\/api.w.org\/{rel}","templated":true}]}}