{"id":197694,"date":"2026-03-16T17:30:50","date_gmt":"2026-03-16T20:30:50","guid":{"rendered":"https:\/\/cdnoticias.com\/?p=197694"},"modified":"2026-03-16T20:13:53","modified_gmt":"2026-03-16T23:13:53","slug":"olavarria-sigue-en-alerta-amarilla-y-naranja-hasta-la-tarde-del-martes","status":"publish","type":"post","link":"https:\/\/cdnoticias.com\/index.php\/2026\/03\/16\/olavarria-sigue-en-alerta-amarilla-y-naranja-hasta-la-tarde-del-martes\/","title":{"rendered":"Olavarr\u00eda sigue en alerta amarilla y naranja hasta la tarde del martes"},"content":{"rendered":"\n<p>El Servicio Meteorol\u00f3gico Nacional actualiz\u00f3 el estado de situaci\u00f3n por las lluvias y seguir\u00e1 el tiempo inestable con fuertes tormentas al menos hasta la tarde del martes.<\/p>\n\n\n\n<hr class=\"wp-block-separator aligncenter has-alpha-channel-opacity\"\/>\n\n\n\n<p>Tras la <strong>suspensi\u00f3n de clases por un alerta naranja por fuertes tormentas a la situaci\u00f3n inestable de todo este lunes, el Servicio Meteorol\u00f3gico Nacional emiti\u00f3 varios alertas por tormentas <\/strong>desde la tarde de este lunes hasta el martes al mediod\u00eda al menos.<\/p>\n\n\n\n<p>Tanto para<strong> la tarde como la noche de este lunes como el martes a la ma\u00f1ana, Olavarr\u00eda se encuentra dentro de un alerta amarillo por tormentas<\/strong>: <em>\u201cEl \u00e1rea ser\u00e1 afectada por tormentas de variada intensidad, algunas localmente fuertes. Las mismas estar\u00e1n acompa\u00f1adas por lluvias abundantes en cortos per\u00edodos, actividad el\u00e9ctrica frecuente, ocasional granizo y r\u00e1fagas que pueden superar los 70 km\/h\u201d.<\/em><\/p>\n\n\n\n<p>Se prev\u00e9n valores de precipitaci\u00f3n acumulada entre 25 y 50 mm, que pueden ser superados de manera puntual.<\/p>\n\n\n\n<p>Para el martes a la madrugada, por su parte,<strong> se prev\u00e9 un alerta naranja por tormentas que podr\u00edan ser, seg\u00fan lo estimado \u201clocalmente severas\u201d. <\/strong><em>\u201cLas mismas estar\u00e1n acompa\u00f1adas principalmente por lluvias abundantes en cortos per\u00edodos, actividad el\u00e9ctrica frecuente, ocasional granizo y r\u00e1fagas que podr\u00edan alcanzar los 90 km\/h. Se prev\u00e9n valores de precipitaci\u00f3n acumulada entre los 50 y 80 mm, que pueden ser superados de forma puntual\u201d.<\/em><\/p>\n","protected":false},"excerpt":{"rendered":"<p>El Servicio Meteorol\u00f3gico Nacional actualiz\u00f3 el estado de situaci\u00f3n por las lluvias y seguir\u00e1 el tiempo inestable con fuertes tormentas<\/p>\n","protected":false},"author":2,"featured_media":197695,"comment_status":"closed","ping_status":"closed","sticky":false,"template":"","format":"standard","meta":{"_jetpack_memberships_contains_paid_content":false,"footnotes":""},"categories":[5,1],"tags":[],"class_list":["post-197694","post","type-post","status-publish","format-standard","has-post-thumbnail","hentry","category-informacion-general","category-portada"],"jetpack_featured_media_url":"https:\/\/i0.wp.com\/cdnoticias.com\/wp-content\/uploads\/2026\/03\/tormentas-olavarria.jpg?fit=800%2C445&ssl=1","jetpack_sharing_enabled":true,"_links":{"self":[{"href":"https:\/\/cdnoticias.com\/index.php\/wp-json\/wp\/v2\/posts\/197694","targetHints":{"allow":["GET"]}}],"collection":[{"href":"https:\/\/cdnoticias.com\/index.php\/wp-json\/wp\/v2\/posts"}],"about":[{"href":"https:\/\/cdnoticias.com\/index.php\/wp-json\/wp\/v2\/types\/post"}],"author":[{"embeddable":true,"href":"https:\/\/cdnoticias.com\/index.php\/wp-json\/wp\/v2\/users\/2"}],"replies":[{"embeddable":true,"href":"https:\/\/cdnoticias.com\/index.php\/wp-json\/wp\/v2\/comments?post=197694"}],"version-history":[{"count":0,"href":"https:\/\/cdnoticias.com\/index.php\/wp-json\/wp\/v2\/posts\/197694\/revisions"}],"wp:featuredmedia":[{"embeddable":true,"href":"https:\/\/cdnoticias.com\/index.php\/wp-json\/wp\/v2\/media\/197695"}],"wp:attachment":[{"href":"https:\/\/cdnoticias.com\/index.php\/wp-json\/wp\/v2\/media?parent=197694"}],"wp:term":[{"taxonomy":"category","embeddable":true,"href":"https:\/\/cdnoticias.com\/index.php\/wp-json\/wp\/v2\/categories?post=197694"},{"taxonomy":"post_tag","embeddable":true,"href":"https:\/\/cdnoticias.com\/index.php\/wp-json\/wp\/v2\/tags?post=197694"}],"curies":[{"name":"wp","href":"https:\/\/api.w.org\/{rel}","templated":true}]}}