{"id":197692,"date":"2026-03-16T20:06:37","date_gmt":"2026-03-16T23:06:37","guid":{"rendered":"https:\/\/cdnoticias.com\/?p=197692"},"modified":"2026-03-17T07:06:03","modified_gmt":"2026-03-17T10:06:03","slug":"el-programa-barrio-por-barrio-llegara-este-miercoles-a-provincias-argentinas-y-acupo-i","status":"publish","type":"post","link":"https:\/\/cdnoticias.com\/index.php\/2026\/03\/16\/el-programa-barrio-por-barrio-llegara-este-miercoles-a-provincias-argentinas-y-acupo-i\/","title":{"rendered":"El programa \u201cBarrio por Barrio\u201d llegar\u00e1 este mi\u00e9rcoles a Provincias Argentinas y Acupo I"},"content":{"rendered":"\n<p>El operativo municipal se desarrollar\u00e1 desde las 9 en la plaza ubicada en Elena de Fortabat y Roque S\u00e1enz Pe\u00f1a, con tr\u00e1mites, asesoramiento y servicios para vecinos y vecinas.<\/p>\n\n\n\n<hr class=\"wp-block-separator aligncenter has-alpha-channel-opacity\"\/>\n\n\n\n<p>El Municipio de Olavarr\u00eda continuar\u00e1 con el despliegue del <strong>programa \u201cBarrio por Barrio\u201d, el dispositivo de abordaje territorial que recorre distintos sectores del Partido acercando a la comunidad la gesti\u00f3n de tr\u00e1mites, servicios municipales y espacios de consulta directa con distintas \u00e1reas de la comuna.<\/strong><\/p>\n\n\n\n<p>La pr\u00f3xima jornada se realizar\u00e1 este <strong>mi\u00e9rcoles en los barrios Provincias Argentinas y Acupo I. El punto de encuentro ser\u00e1 la plaza ubicada en la intersecci\u00f3n de Elena de Fortabat y Roque S\u00e1enz Pe\u00f1a, donde desde las 9 se brindar\u00e1 atenci\u00f3n a quienes se acerquen.<\/strong><\/p>\n\n\n\n<blockquote class=\"wp-block-quote is-layout-flow wp-block-quote-is-layout-flow\">\n<p>Durante el operativo participar\u00e1n distintas \u00e1reas municipales con una amplia variedad de servicios. Desde Desarrollo Econ\u00f3mico se ofrecer\u00e1 asesoramiento a trav\u00e9s de la Oficina de Empleo sobre el portal Empleo y se realizar\u00e1 la validaci\u00f3n de identidad en la plataforma Mi Argentina.<\/p>\n<\/blockquote>\n\n\n\n<p>En el \u00e1rea de <strong>Protecci\u00f3n Ciudadana se podr\u00e1n realizar gestiones vinculadas con la tarjeta SUBE y el Boleto Estudiantil, adem\u00e1s de registrar denuncias ciudadanas por robos o hurtos y presentar reclamos o consultas vinculadas con normativa y programas municipales.<\/strong><\/p>\n\n\n\n<p>El servicio de Veterinaria llevar\u00e1 adelante <strong>vacunaci\u00f3n antirr\u00e1bica gratuita para perros y gatos, mientras que desde el \u00e1rea de Salud se ofrecer\u00e1n vacunaciones para todas las edades, turnos para los Centros de Atenci\u00f3n Primaria de la Salud, controles de tensi\u00f3n arterial y glucemia, adem\u00e1s del empadronamiento y reempadronamiento en el sistema de salud.<\/strong><\/p>\n\n\n\n<blockquote class=\"wp-block-quote is-layout-flow wp-block-quote-is-layout-flow\">\n<p>El dispositivo tambi\u00e9n contar\u00e1 con la presencia del \u00e1rea PID, donde se podr\u00e1n realizar inscripciones a Centros de D\u00eda, Envi\u00f3n y Callejeadas, adem\u00e1s de atenci\u00f3n espont\u00e1nea del Servicio Local.<\/p>\n<\/blockquote>\n\n\n\n<p>Desde Desarrollo Social se realizar\u00e1n inscripciones a los programas M\u00e1s Vida y PAAC destinado a personas con celiaqu\u00eda.<\/p>\n\n\n\n<p>El \u00e1rea de <strong>Discapacidad brindar\u00e1 asesoramiento e informaci\u00f3n para la gesti\u00f3n del Certificado \u00danico de Discapacidad (CUD), seguimiento de tr\u00e1mites, orientaci\u00f3n para la obtenci\u00f3n del Pase Libre Multimodal y consultas sobre recursos, prestaciones y derechos vigentes.<\/strong><\/p>\n\n\n\n<p>Asimismo, desde Deporte y Cultura se ofrecer\u00e1 informaci\u00f3n sobre las actividades que se desarrollan en ambas \u00e1reas.<\/p>\n\n\n\n<p>Tambi\u00e9n participar\u00e1 Casa de Tierras con la inscripci\u00f3n al Registro de Demanda Habitacional y asesoramiento sobre regularizaci\u00f3n dominial, mientras que desde Relaciones Vecinales y Defensa del Consumidor se podr\u00e1n registrar denuncias, iniciar tr\u00e1mites y recibir asesoramiento sobre conflictos entre vecinos.<\/p>\n\n\n\n<p>En paralelo, <strong>distintas cuadrillas municipales realizar\u00e1n tareas de mantenimiento y limpieza de espacios p\u00fablicos en el sector, en un trabajo articulado con personal de empresas que prestan servicios al Municipio, como Coopelectric y Transportes Malvinas.<\/strong><\/p>\n\n\n\n<p>Adem\u00e1s, <strong>se desplegar\u00e1 un dispositivo puerta a puerta que recorrer\u00e1 la zona para dialogar con vecinos y vecinas, relevar inquietudes y necesidades y canalizarlas hacia las \u00e1reas municipales correspondientes.<\/strong><\/p>\n","protected":false},"excerpt":{"rendered":"<p>El operativo municipal se desarrollar\u00e1 desde las 9 en la plaza ubicada en Elena de Fortabat y Roque S\u00e1enz Pe\u00f1a,<\/p>\n","protected":false},"author":2,"featured_media":196622,"comment_status":"closed","ping_status":"closed","sticky":false,"template":"","format":"standard","meta":{"_jetpack_memberships_contains_paid_content":false,"footnotes":""},"categories":[5,1],"tags":[],"class_list":["post-197692","post","type-post","status-publish","format-standard","has-post-thumbnail","hentry","category-informacion-general","category-portada"],"jetpack_featured_media_url":"https:\/\/i0.wp.com\/cdnoticias.com\/wp-content\/uploads\/2026\/03\/barrioporbarrio-sierrasbayas2.jpg?fit=897%2C574&ssl=1","jetpack_sharing_enabled":true,"_links":{"self":[{"href":"https:\/\/cdnoticias.com\/index.php\/wp-json\/wp\/v2\/posts\/197692","targetHints":{"allow":["GET"]}}],"collection":[{"href":"https:\/\/cdnoticias.com\/index.php\/wp-json\/wp\/v2\/posts"}],"about":[{"href":"https:\/\/cdnoticias.com\/index.php\/wp-json\/wp\/v2\/types\/post"}],"author":[{"embeddable":true,"href":"https:\/\/cdnoticias.com\/index.php\/wp-json\/wp\/v2\/users\/2"}],"replies":[{"embeddable":true,"href":"https:\/\/cdnoticias.com\/index.php\/wp-json\/wp\/v2\/comments?post=197692"}],"version-history":[{"count":0,"href":"https:\/\/cdnoticias.com\/index.php\/wp-json\/wp\/v2\/posts\/197692\/revisions"}],"wp:featuredmedia":[{"embeddable":true,"href":"https:\/\/cdnoticias.com\/index.php\/wp-json\/wp\/v2\/media\/196622"}],"wp:attachment":[{"href":"https:\/\/cdnoticias.com\/index.php\/wp-json\/wp\/v2\/media?parent=197692"}],"wp:term":[{"taxonomy":"category","embeddable":true,"href":"https:\/\/cdnoticias.com\/index.php\/wp-json\/wp\/v2\/categories?post=197692"},{"taxonomy":"post_tag","embeddable":true,"href":"https:\/\/cdnoticias.com\/index.php\/wp-json\/wp\/v2\/tags?post=197692"}],"curies":[{"name":"wp","href":"https:\/\/api.w.org\/{rel}","templated":true}]}}