{"id":197687,"date":"2026-03-16T16:13:50","date_gmt":"2026-03-16T19:13:50","guid":{"rendered":"https:\/\/cdnoticias.com\/?p=197687"},"modified":"2026-03-16T17:53:12","modified_gmt":"2026-03-16T20:53:12","slug":"se-realizo-un-importante-acto-por-el-110-aniversario-del-departamento-judicial-de-azul","status":"publish","type":"post","link":"https:\/\/cdnoticias.com\/index.php\/2026\/03\/16\/se-realizo-un-importante-acto-por-el-110-aniversario-del-departamento-judicial-de-azul\/","title":{"rendered":"Se realiz\u00f3 un importante acto por el 110\u00b0 aniversario del Departamento Judicial de Azul"},"content":{"rendered":"\n<p>El intendente de Olavarr\u00eda asisti\u00f3 a la conmemoraci\u00f3n junto a autoridades judiciales, legisladores y representantes de colegios profesionales.<\/p>\n\n\n\n<hr class=\"wp-block-separator aligncenter has-alpha-channel-opacity\"\/>\n\n\n\n<p>El intendente de Olavarr\u00eda, <strong>Maximiliano Wesner, particip\u00f3 en la ma\u00f1ana de este lunes de las actividades conmemorativas por el 110\u00b0 aniversario del Departamento Judicial de Azul, del que forman parte Olavarr\u00eda<\/strong> y otros distritos del centro de la provincia de Buenos Aires.<\/p>\n\n\n\n<p>La jornada cont\u00f3 con la presencia de<strong> autoridades de la Suprema Corte de Justicia, encabezados por Hilda Kogan, presidenta del organismo judicial<\/strong>, representantes de los Colegios de Magistrados y de Abogados, adem\u00e1s de funcionarios y legisladores provinciales y municipales.<\/p>\n\n\n\n<figure class=\"wp-block-image size-large\"><img data-recalc-dims=\"1\" loading=\"lazy\" decoding=\"async\" width=\"800\" height=\"533\" src=\"https:\/\/i0.wp.com\/cdnoticias.com\/wp-content\/uploads\/2026\/03\/110-aniversario-Departamento-Judicial-Azul-2.jpeg?resize=800%2C533&#038;ssl=1\" alt=\"\" class=\"wp-image-197690\" srcset=\"https:\/\/i0.wp.com\/cdnoticias.com\/wp-content\/uploads\/2026\/03\/110-aniversario-Departamento-Judicial-Azul-2.jpeg?resize=1024%2C682&amp;ssl=1 1024w, https:\/\/i0.wp.com\/cdnoticias.com\/wp-content\/uploads\/2026\/03\/110-aniversario-Departamento-Judicial-Azul-2.jpeg?resize=300%2C200&amp;ssl=1 300w, https:\/\/i0.wp.com\/cdnoticias.com\/wp-content\/uploads\/2026\/03\/110-aniversario-Departamento-Judicial-Azul-2.jpeg?resize=768%2C512&amp;ssl=1 768w, https:\/\/i0.wp.com\/cdnoticias.com\/wp-content\/uploads\/2026\/03\/110-aniversario-Departamento-Judicial-Azul-2.jpeg?resize=1536%2C1023&amp;ssl=1 1536w, https:\/\/i0.wp.com\/cdnoticias.com\/wp-content\/uploads\/2026\/03\/110-aniversario-Departamento-Judicial-Azul-2.jpeg?resize=272%2C182&amp;ssl=1 272w, https:\/\/i0.wp.com\/cdnoticias.com\/wp-content\/uploads\/2026\/03\/110-aniversario-Departamento-Judicial-Azul-2.jpeg?w=1600&amp;ssl=1 1600w\" sizes=\"auto, (max-width: 800px) 100vw, 800px\" \/><\/figure>\n\n\n\n<p>El jefe comunal olavarriense asisti\u00f3 al acto central que se desarroll\u00f3 en la sede del Colegio de Magistrados y Funcionarios del Departamento Judicial de Azul.<strong> En ese marco tambi\u00e9n se realiz\u00f3 un panel acad\u00e9mico en el que se abord\u00f3 la historia del Departamento Judicial.<\/strong><\/p>\n\n\n\n<p>La exposici\u00f3n estuvo a cargo de las doctoras Mar\u00eda Ang\u00e9lica Corva y Romina Guedes, junto al doctor Ezequiel Klass, quienes analizaron distintos aspectos hist\u00f3ricos vinculados al funcionamiento y desarrollo del organismo judicial.<\/p>\n\n\n\n<blockquote class=\"wp-block-quote is-layout-flow wp-block-quote-is-layout-flow\">\n<p>El programa de actividades se inici\u00f3 a las 9:30 con la visita de la presidenta de la Suprema Corte de Justicia de la Provincia de Buenos Aires, Hilda Kogan, quien recorri\u00f3 las sedes del Colegio de Abogados de Azul y de las C\u00e1maras de Apelaci\u00f3n ubicadas en el Palacio de Tribunales de esa ciudad.<\/p>\n<\/blockquote>\n\n\n\n<p>Durante la jornada tambi\u00e9n participaron el presidente del Colegio de Abogados de la Provincia de Buenos Aires (COLPROBA), Bienvenido Rodr\u00edguez Basalo, y el presidente del Colegio de Magistrados y Funcionarios de la Provincia de Buenos Aires, Mat\u00edas Javier Rappazzo.<\/p>\n\n\n\n<figure class=\"wp-block-image size-large\"><img data-recalc-dims=\"1\" loading=\"lazy\" decoding=\"async\" width=\"800\" height=\"533\" src=\"https:\/\/i0.wp.com\/cdnoticias.com\/wp-content\/uploads\/2026\/03\/110-aniversario-Departamento-Judicial-Azul-1.jpeg?resize=800%2C533&#038;ssl=1\" alt=\"\" class=\"wp-image-197689\" srcset=\"https:\/\/i0.wp.com\/cdnoticias.com\/wp-content\/uploads\/2026\/03\/110-aniversario-Departamento-Judicial-Azul-1.jpeg?resize=1024%2C682&amp;ssl=1 1024w, https:\/\/i0.wp.com\/cdnoticias.com\/wp-content\/uploads\/2026\/03\/110-aniversario-Departamento-Judicial-Azul-1.jpeg?resize=300%2C200&amp;ssl=1 300w, https:\/\/i0.wp.com\/cdnoticias.com\/wp-content\/uploads\/2026\/03\/110-aniversario-Departamento-Judicial-Azul-1.jpeg?resize=768%2C512&amp;ssl=1 768w, https:\/\/i0.wp.com\/cdnoticias.com\/wp-content\/uploads\/2026\/03\/110-aniversario-Departamento-Judicial-Azul-1.jpeg?resize=1536%2C1023&amp;ssl=1 1536w, https:\/\/i0.wp.com\/cdnoticias.com\/wp-content\/uploads\/2026\/03\/110-aniversario-Departamento-Judicial-Azul-1.jpeg?resize=272%2C182&amp;ssl=1 272w, https:\/\/i0.wp.com\/cdnoticias.com\/wp-content\/uploads\/2026\/03\/110-aniversario-Departamento-Judicial-Azul-1.jpeg?w=1600&amp;ssl=1 1600w\" sizes=\"auto, (max-width: 800px) 100vw, 800px\" \/><\/figure>\n\n\n\n<p>La comitiva olavarriense estuvo integrada adem\u00e1s por la jefa de gabinete Mercedes Land\u00edvar y la senadora provincial Evelyn D\u00edaz, quien asisti\u00f3 junto a sus pares Marcos Pisano y Mar\u00eda In\u00e9s Laurini.<\/p>\n","protected":false},"excerpt":{"rendered":"<p>El intendente de Olavarr\u00eda asisti\u00f3 a la conmemoraci\u00f3n junto a autoridades judiciales, legisladores y representantes de colegios profesionales. El intendente<\/p>\n","protected":false},"author":2,"featured_media":197688,"comment_status":"closed","ping_status":"closed","sticky":false,"template":"","format":"standard","meta":{"_jetpack_memberships_contains_paid_content":false,"footnotes":""},"categories":[4,1],"tags":[],"class_list":["post-197687","post","type-post","status-publish","format-standard","has-post-thumbnail","hentry","category-politica","category-portada"],"jetpack_featured_media_url":"https:\/\/i0.wp.com\/cdnoticias.com\/wp-content\/uploads\/2026\/03\/110-aniversario-Departamento-Judicial-Azul-3.jpeg?fit=1600%2C1066&ssl=1","jetpack_sharing_enabled":true,"_links":{"self":[{"href":"https:\/\/cdnoticias.com\/index.php\/wp-json\/wp\/v2\/posts\/197687","targetHints":{"allow":["GET"]}}],"collection":[{"href":"https:\/\/cdnoticias.com\/index.php\/wp-json\/wp\/v2\/posts"}],"about":[{"href":"https:\/\/cdnoticias.com\/index.php\/wp-json\/wp\/v2\/types\/post"}],"author":[{"embeddable":true,"href":"https:\/\/cdnoticias.com\/index.php\/wp-json\/wp\/v2\/users\/2"}],"replies":[{"embeddable":true,"href":"https:\/\/cdnoticias.com\/index.php\/wp-json\/wp\/v2\/comments?post=197687"}],"version-history":[{"count":0,"href":"https:\/\/cdnoticias.com\/index.php\/wp-json\/wp\/v2\/posts\/197687\/revisions"}],"wp:featuredmedia":[{"embeddable":true,"href":"https:\/\/cdnoticias.com\/index.php\/wp-json\/wp\/v2\/media\/197688"}],"wp:attachment":[{"href":"https:\/\/cdnoticias.com\/index.php\/wp-json\/wp\/v2\/media?parent=197687"}],"wp:term":[{"taxonomy":"category","embeddable":true,"href":"https:\/\/cdnoticias.com\/index.php\/wp-json\/wp\/v2\/categories?post=197687"},{"taxonomy":"post_tag","embeddable":true,"href":"https:\/\/cdnoticias.com\/index.php\/wp-json\/wp\/v2\/tags?post=197687"}],"curies":[{"name":"wp","href":"https:\/\/api.w.org\/{rel}","templated":true}]}}