{"id":197685,"date":"2026-03-16T16:10:39","date_gmt":"2026-03-16T19:10:39","guid":{"rendered":"https:\/\/cdnoticias.com\/?p=197685"},"modified":"2026-03-16T16:10:41","modified_gmt":"2026-03-16T19:10:41","slug":"la-motosierra-en-anses-lanzaron-un-plan-de-retiros-voluntarios-para-empleados","status":"publish","type":"post","link":"https:\/\/cdnoticias.com\/index.php\/2026\/03\/16\/la-motosierra-en-anses-lanzaron-un-plan-de-retiros-voluntarios-para-empleados\/","title":{"rendered":"La motosierra en ANSES: lanzaron un plan de retiros voluntarios para empleados"},"content":{"rendered":"\n<p>La medida fue oficializada en el Bolet\u00edn Oficial y permite a los trabajadores adherirse al programa hasta el 5 de abril. Contempla el pago del 90% de la indemnizaci\u00f3n con un tope de 24 haberes.<\/p>\n\n\n\n<hr class=\"wp-block-separator aligncenter has-alpha-channel-opacity\"\/>\n\n\n\n<p>La Administraci\u00f3n Nacional de la Seguridad Social <strong>(ANSES) puso en marcha un plan de retiros voluntarios destinado a trabajadores permanentes del organismo que cuenten con al menos dos a\u00f1os de antig\u00fcedad. <\/strong>La medida fue oficializada este lunes mediante la Resoluci\u00f3n 68\/2026 publicada en el Bolet\u00edn Oficial.<\/p>\n\n\n\n<p>La iniciativa se inscribe dentro de los lineamientos orientados a la reorganizaci\u00f3n del Sector P\u00fablico Nacional y forma parte del proceso de reestructuraci\u00f3n impulsado por el Gobierno de Javier Milei desde el inicio de su gesti\u00f3n.<\/p>\n\n\n\n<p>De acuerdo con la normativa,<strong> el proceso de adhesi\u00f3n al retiro voluntario estar\u00e1 vigente hasta el 5 de abril para los empleados que cumplan con los requisitos establecidos. En el caso de trabajadores que se encuentren con licencia, podr\u00e1n firmar la adhesi\u00f3n con fecha diferida hasta la finalizaci\u00f3n de la misma.<\/strong><\/p>\n\n\n\n<p>Quienes opten por incorporarse al programa recibir\u00e1n una <strong>compensaci\u00f3n equivalente al 90% de la indemnizaci\u00f3n correspondiente por cada a\u00f1o trabajado de forma efectiva en el organismo. El c\u00e1lculo se realizar\u00e1 sobre los conceptos brutos mensuales, normales, regulares, permanentes y habituales, con un tope m\u00e1ximo de 24 haberes brutos.<\/strong><\/p>\n\n\n\n<blockquote class=\"wp-block-quote is-layout-flow wp-block-quote-is-layout-flow\">\n<p>El pago se efectuar\u00e1 en una \u00fanica cuota hasta un m\u00e1ximo de 80 millones de pesos. En aquellos casos en los que el monto supere esa cifra, se abonar\u00e1 en dos cuotas mensuales, iguales y consecutivas.<\/p>\n<\/blockquote>\n\n\n\n<p>La resoluci\u00f3n tambi\u00e9n establece una serie de exclusiones. No podr\u00e1n acceder al retiro voluntario quienes tengan procesos judiciales abiertos, procedimientos disciplinarios en curso, hayan iniciado tr\u00e1mites jubilatorios o presentado su renuncia<strong>. Tampoco podr\u00e1n adherirse quienes superen los 62 a\u00f1os ni quienes mantengan litigios laborales pendientes.<\/strong><\/p>\n\n\n\n<p>Los acuerdos que surjan de este r\u00e9gimen deber\u00e1n contar con homologaci\u00f3n y asesoramiento letrado obligatorio, con el objetivo de garantizar la validez legal del proceso y la transparencia en la finalizaci\u00f3n del v\u00ednculo laboral<strong>. En ese marco, los representantes de ANSES ante el Servicio de Conciliaci\u00f3n Laboral Obligatoria ser\u00e1n los encargados de formalizar las extinciones laborales.<\/strong><\/p>\n\n\n\n<p>Entre las condiciones establecidas por el programa se encuentra la imposibilidad de reincorporarse a la administraci\u00f3n p\u00fablica nacional durante un per\u00edodo de cinco a\u00f1os. <strong>Quienes acepten el retiro voluntario no podr\u00e1n volver a ingresar a ning\u00fan organismo estatal nacional bajo ninguna modalidad de contrataci\u00f3n durante ese lapso.<\/strong><\/p>\n","protected":false},"excerpt":{"rendered":"<p>La medida fue oficializada en el Bolet\u00edn Oficial y permite a los trabajadores adherirse al programa hasta el 5 de<\/p>\n","protected":false},"author":2,"featured_media":70630,"comment_status":"closed","ping_status":"closed","sticky":false,"template":"","format":"standard","meta":{"_jetpack_memberships_contains_paid_content":false,"footnotes":""},"categories":[6,1],"tags":[],"class_list":["post-197685","post","type-post","status-publish","format-standard","has-post-thumbnail","hentry","category-nacionales","category-portada"],"jetpack_featured_media_url":"https:\/\/i0.wp.com\/cdnoticias.com\/wp-content\/uploads\/2022\/11\/anses.jpg?fit=1330%2C880&ssl=1","jetpack_sharing_enabled":true,"_links":{"self":[{"href":"https:\/\/cdnoticias.com\/index.php\/wp-json\/wp\/v2\/posts\/197685","targetHints":{"allow":["GET"]}}],"collection":[{"href":"https:\/\/cdnoticias.com\/index.php\/wp-json\/wp\/v2\/posts"}],"about":[{"href":"https:\/\/cdnoticias.com\/index.php\/wp-json\/wp\/v2\/types\/post"}],"author":[{"embeddable":true,"href":"https:\/\/cdnoticias.com\/index.php\/wp-json\/wp\/v2\/users\/2"}],"replies":[{"embeddable":true,"href":"https:\/\/cdnoticias.com\/index.php\/wp-json\/wp\/v2\/comments?post=197685"}],"version-history":[{"count":0,"href":"https:\/\/cdnoticias.com\/index.php\/wp-json\/wp\/v2\/posts\/197685\/revisions"}],"wp:featuredmedia":[{"embeddable":true,"href":"https:\/\/cdnoticias.com\/index.php\/wp-json\/wp\/v2\/media\/70630"}],"wp:attachment":[{"href":"https:\/\/cdnoticias.com\/index.php\/wp-json\/wp\/v2\/media?parent=197685"}],"wp:term":[{"taxonomy":"category","embeddable":true,"href":"https:\/\/cdnoticias.com\/index.php\/wp-json\/wp\/v2\/categories?post=197685"},{"taxonomy":"post_tag","embeddable":true,"href":"https:\/\/cdnoticias.com\/index.php\/wp-json\/wp\/v2\/tags?post=197685"}],"curies":[{"name":"wp","href":"https:\/\/api.w.org\/{rel}","templated":true}]}}