{"id":197680,"date":"2026-03-16T12:50:51","date_gmt":"2026-03-16T15:50:51","guid":{"rendered":"https:\/\/cdnoticias.com\/?p=197680"},"modified":"2026-03-16T17:35:59","modified_gmt":"2026-03-16T20:35:59","slug":"la-libertad-avanza-impulsa-una-ordenanza-para-regular-las-residencias-de-larga-estadia","status":"publish","type":"post","link":"https:\/\/cdnoticias.com\/index.php\/2026\/03\/16\/la-libertad-avanza-impulsa-una-ordenanza-para-regular-las-residencias-de-larga-estadia\/","title":{"rendered":"La Libertad Avanza impulsa una ordenanza para regular las residencias de larga estad\u00eda"},"content":{"rendered":"\n<p>El proyecto propone que el Municipio asuma un rol activo en la habilitaci\u00f3n y control de estos establecimientos. Buscan regular m\u00e1s de 40 residencias que actualmente funcionan en un \u201climbo legal\u201d.<\/p>\n\n\n\n<hr class=\"wp-block-separator has-alpha-channel-opacity\"\/>\n\n\n\n<p>El espacio pol\u00edtico La Libertad Avanza present\u00f3 un <strong>proyecto de ordenanza en el Concejo Deliberante de Olavarr\u00eda<\/strong> con el objetivo de <strong>regularizar y fortalecer los controles<\/strong> sobre las residencias de larga estad\u00eda para personas mayores que funcionan en la ciudad.<\/p>\n\n\n\n<p><\/p>\n\n\n\n<p>Seg\u00fan indicaron desde el espacio, la iniciativa<strong> apunta a terminar con lo que definieron como una situaci\u00f3n de \u201cclandestinidad administrativa\u201d <\/strong>que afecta a decenas de establecimientos y que, sostienen, se debe a la demora en los procesos de habilitaci\u00f3n por parte de la Provincia y a la falta de marcos regulatorios locales.<\/p>\n\n\n\n<p><\/p>\n\n\n\n<p>Desde La Libertad Avanza se\u00f1alaron que el proyecto busca <strong>que el Municipio asuma un rol m\u00e1s activo en la supervisi\u00f3n y control de estos espacios, <\/strong>con el objetivo de garantizar que las personas mayores residan en <strong>lugares debidamente habilitados y supervisados.<\/strong><\/p>\n\n\n\n<p><\/p>\n\n\n\n<p>En ese marco, indicaron que la propuesta permitir\u00eda regularizar m\u00e1s de 40 establecimientos que actualmente operan en un \u201climbo legal\u201d, situaci\u00f3n que atribuyen a la mora administrativa provincial y a la falta de intervenci\u00f3n municipal.<\/p>\n\n\n\n<p><\/p>\n\n\n\n<p>La iniciativa contempla la participaci\u00f3n de instituciones y profesionales de la ciudad en los procesos de auditor\u00eda. Seg\u00fan detallaron desde el espacio, se propone involucrar a la Facultad de Ingenier\u00eda y a la Facultad de Medicina de la UNICEN, junto con Defensa Civil, para verificar tanto las condiciones edilicias como la calidad de la atenci\u00f3n m\u00e9dica que se brinda en estos lugares.<\/p>\n\n\n\n<p><\/p>\n\n\n\n<p>Adem\u00e1s, el proyecto prev\u00e9 la <strong>creaci\u00f3n de un portal web p\u00fablico<\/strong> donde las familias puedan consultar si una residencia cuenta con habilitaci\u00f3n, conocer su capacidad de plazas y acceder al historial de inspecciones realizadas.<\/p>\n\n\n\n<p><\/p>\n\n\n\n<p>Otro de los puntos incluidos en la propuesta es la <strong>implementaci\u00f3n del mecanismo de \u201csilencio administrativo positivo\u201d. <\/strong>De acuerdo con lo planteado por La Libertad Avanza, <strong>si el Municipio no responde a un pedido de habilitaci\u00f3n dentro de un plazo de 60 d\u00edas, la solicitud se considerar\u00eda aprobada, <\/strong>con el objetivo de evitar que los establecimientos queden demorados en tr\u00e1mites burocr\u00e1ticos mientras contin\u00faan funcionando sin un marco legal definido.<\/p>\n\n\n\n<p><\/p>\n\n\n\n<p>En materia de seguridad, el proyecto tambi\u00e9n contempla <strong>que Defensa Civil realice inspecciones trimestrales y que el personal de las residencias reciba capacitaci\u00f3n obligatoria en primeros auxilios y gesti\u00f3n de emergencias.<\/strong><\/p>\n\n\n\n<p><\/p>\n\n\n\n<p>Desde el espacio pol\u00edtico sostuvieron que la iniciativa responde a una necesidad urgente en la ciudad. Seg\u00fan indicaron, <strong>cerca del 18% de la poblaci\u00f3n de Olavarr\u00eda tiene m\u00e1s de 60 a\u00f1os, un porcentaje superior al promedio provincial.<\/strong><\/p>\n\n\n\n<p><\/p>\n\n\n\n<p>En ese sentido, afirmaron que el objetivo es <strong>que el Estado \u201cdeje de ser un obst\u00e1culo y se convierta en un facilitador que acompa\u00f1e a quienes invierten en cuidados\u201d<\/strong>, garantizando que la dignidad y la seguridad de las personas mayores sean una prioridad.<\/p>\n\n\n\n<p><\/p>\n","protected":false},"excerpt":{"rendered":"<p>El proyecto propone que el Municipio asuma un rol activo en la habilitaci\u00f3n y control de estos establecimientos. Buscan regular<\/p>\n","protected":false},"author":5,"featured_media":197682,"comment_status":"closed","ping_status":"closed","sticky":false,"template":"","format":"standard","meta":{"_jetpack_memberships_contains_paid_content":false,"footnotes":""},"categories":[4,1],"tags":[],"class_list":["post-197680","post","type-post","status-publish","format-standard","has-post-thumbnail","hentry","category-politica","category-portada"],"jetpack_featured_media_url":"https:\/\/i0.wp.com\/cdnoticias.com\/wp-content\/uploads\/2026\/03\/libertad-avanza-concejales.jpeg?fit=1280%2C960&ssl=1","jetpack_sharing_enabled":true,"_links":{"self":[{"href":"https:\/\/cdnoticias.com\/index.php\/wp-json\/wp\/v2\/posts\/197680","targetHints":{"allow":["GET"]}}],"collection":[{"href":"https:\/\/cdnoticias.com\/index.php\/wp-json\/wp\/v2\/posts"}],"about":[{"href":"https:\/\/cdnoticias.com\/index.php\/wp-json\/wp\/v2\/types\/post"}],"author":[{"embeddable":true,"href":"https:\/\/cdnoticias.com\/index.php\/wp-json\/wp\/v2\/users\/5"}],"replies":[{"embeddable":true,"href":"https:\/\/cdnoticias.com\/index.php\/wp-json\/wp\/v2\/comments?post=197680"}],"version-history":[{"count":0,"href":"https:\/\/cdnoticias.com\/index.php\/wp-json\/wp\/v2\/posts\/197680\/revisions"}],"wp:featuredmedia":[{"embeddable":true,"href":"https:\/\/cdnoticias.com\/index.php\/wp-json\/wp\/v2\/media\/197682"}],"wp:attachment":[{"href":"https:\/\/cdnoticias.com\/index.php\/wp-json\/wp\/v2\/media?parent=197680"}],"wp:term":[{"taxonomy":"category","embeddable":true,"href":"https:\/\/cdnoticias.com\/index.php\/wp-json\/wp\/v2\/categories?post=197680"},{"taxonomy":"post_tag","embeddable":true,"href":"https:\/\/cdnoticias.com\/index.php\/wp-json\/wp\/v2\/tags?post=197680"}],"curies":[{"name":"wp","href":"https:\/\/api.w.org\/{rel}","templated":true}]}}